{"id":16022,"date":"2015-08-04T00:05:49","date_gmt":"2015-08-03T22:05:49","guid":{"rendered":"http:\/\/blog.laveredadepuebla.com\/?p=16022"},"modified":"2023-02-10T12:17:52","modified_gmt":"2023-02-10T12:17:52","slug":"la-vereda","status":"publish","type":"post","link":"https:\/\/blog.sierranortedeguadalajara.com\/?p=16022","title":{"rendered":"La Vereda"},"content":{"rendered":"<p>De este pueblo deshabitado, que no abandonado,<a href=\"http:\/\/lospueblosdeshabitados.blogspot.com.es\/2014\/03\/la-vereda-guadalajara.html\"><em><strong> se ha escrito mucho y bien<\/strong><\/em><\/a>. Por eso solo me atrever\u00e9 a dar algunos retazos y mostrar im\u00e1genes que me han impactado.<a href=\"https:\/\/laveredadepuebla.files.wordpress.com\/2015\/07\/5-vereda-1.jpg\"><img loading=\"lazy\" decoding=\"async\" class=\"alignright wp-image-16023\" src=\"https:\/\/blog.sierranortedeguadalajara.com\/wp-content\/uploads\/2023\/02\/5-vereda-1.jpg\" alt=\"5 Vereda 1\" width=\"240\" height=\"180\" \/><\/a><\/p>\n<p><strong>\u00bfSu historia?<\/strong> La construcci\u00f3n de la presa en 1.954 aneg\u00f3 el camino que un\u00eda La Vereda a Tamaj\u00f3n (<em>donde habia m\u00e9dico, tienda y servicios b\u00e1sicos)<\/em> a trav\u00e9s del <a href=\"http:\/\/blog.laveredadepuebla.com\/2009\/12\/05\/el-vado-pueblo-abandonado-ii\/\"><em><strong>puente del Vado<\/strong><\/em><\/a>. El pueblo qued\u00f3 aislado y se fue despoblando. En 1.971 qued\u00f3 abandonado tras la expropiaci\u00f3n forzosa de ICONA. En 1.977 la <strong>Asociaci\u00f3n cultural La Vereda<\/strong> promovida por el <em>Colegio de Arquitectos de Madrid<\/em> obtuvo la concesi\u00f3n para rehabilitarlo y darle vida.<\/p>\n<p><strong><a href=\"https:\/\/laveredadepuebla.files.wordpress.com\/2015\/07\/5-vereda-2.jpg\"><img loading=\"lazy\" decoding=\"async\" class=\"alignleft wp-image-16024\" src=\"https:\/\/blog.sierranortedeguadalajara.com\/wp-content\/uploads\/2023\/02\/5-vereda-2.jpg\" alt=\"5 vereda 2\" width=\"240\" height=\"180\" \/><\/a>\u00bfC\u00f3mo llegar?<\/strong> Cuatro opciones: desde la presa de El Vado por <a href=\"http:\/\/blog.laveredadepuebla.com\/2015\/07\/23\/el-camino-a-la-vereda\/\"><strong><em>una pista en buen estado<\/em><\/strong><\/a> <em>(construida en 1.974)<\/em> que llega hasta Colmenar de la Sierra <em>(otra opci\u00f3n),<\/em> desde <em><a href=\"http:\/\/blog.laveredadepuebla.com\/2014\/08\/14\/la-matallana\/\"><strong>La Matallana<\/strong> <\/a>(en este momento a pi\u00e9)<\/em> y desde la pista que arranca desde la <a href=\"http:\/\/blog.laveredadepuebla.com\/2010\/05\/07\/el-camino-del%C2%A0espanto\/\"><em><strong>pista del Espanto<\/strong><\/em><\/a>, a los pies de <a href=\"http:\/\/blog.laveredadepuebla.com\/2011\/08\/12\/pena-cabeza\/\"><em><strong>Pe\u00f1a Cabeza<\/strong><\/em><\/a> y sigue hasta el collado de Hontanares.<\/p>\n<p><strong>\u00bfQu\u00e9 ver?<\/strong> Recorrer el casco urbano es un aut\u00e9ntico placer. Muchas casas ya han sido reconstruidas, otras est\u00e1n en fase de y algunas siguen en ruinas. Ll\u00e9vate la c\u00e1mara y ded\u00edcale tiempo.<\/p>\n<p><strong><a href=\"https:\/\/laveredadepuebla.files.wordpress.com\/2015\/07\/5-vereda-5.jpg\"><img loading=\"lazy\" decoding=\"async\" class=\"alignright wp-image-16025\" src=\"https:\/\/blog.sierranortedeguadalajara.com\/wp-content\/uploads\/2023\/02\/5-vereda-5.jpg\" alt=\"5 vereda 5\" width=\"240\" height=\"180\" \/><\/a>\u00bfCu\u00e1ndo?<\/strong> Siempre es buen momento, pero evita el calor en verano <em>(no hay agua)<\/em> y la nieve en invierno <em>(por los accesos)<\/em>. Desde 1.989, las <a href=\"http:\/\/hijosdelavereda.blogspot.com.es\/\"><strong><em>fiestas se celebran el 29 de junio,<\/em> <\/strong><\/a>promovida por la <strong>Asociaci\u00f3n Hijos y Amigos de La Vereda<\/strong> <em>(que pretenden recuperar su pueblo y sus casas),<\/em> un buen d\u00eda para visitarla si te gusta el ambiente serrano y te sientes c\u00f3modo entre la mucha gente que acude.<\/p>\n<p><em><strong>Lar-ami<\/strong><\/em><\/p>\n","protected":false},"excerpt":{"rendered":"<p>De este pueblo deshabitado, que no abandonado, se ha escrito mucho y bien. Por eso solo me atrever\u00e9 a dar algunos retazos y mostrar im\u00e1genes que me han impactado. \u00bfSu historia? La construcci\u00f3n de la presa en 1.954 aneg\u00f3 el camino que un\u00eda La Vereda a Tamaj\u00f3n (donde habia m\u00e9dico, tienda y servicios b\u00e1sicos) a &hellip; <\/p>\n<p class=\"link-more\"><a href=\"https:\/\/blog.sierranortedeguadalajara.com\/?p=16022\" class=\"more-link\">Seguir leyendo<span class=\"screen-reader-text\"> \u00abLa Vereda\u00bb<\/span><\/a><\/p>\n","protected":false},"author":1,"featured_media":0,"comment_status":"open","ping_status":"open","sticky":false,"template":"","format":"standard","meta":{"footnotes":""},"categories":[12,6,17],"tags":[2,76,4,26,5,7,19],"class_list":["post-16022","post","type-post","status-publish","format-standard","hentry","category-actualidad","category-mundo-rural","category-paisajes-y-lugares-de-la-sierra-norte","tag-actualidad","tag-arquitectura-negra","tag-cultura","tag-el-vado","tag-historia","tag-naturaleza","tag-siglo-xx","entry"],"_links":{"self":[{"href":"https:\/\/blog.sierranortedeguadalajara.com\/index.php?rest_route=\/wp\/v2\/posts\/16022","targetHints":{"allow":["GET"]}}],"collection":[{"href":"https:\/\/blog.sierranortedeguadalajara.com\/index.php?rest_route=\/wp\/v2\/posts"}],"about":[{"href":"https:\/\/blog.sierranortedeguadalajara.com\/index.php?rest_route=\/wp\/v2\/types\/post"}],"author":[{"embeddable":true,"href":"https:\/\/blog.sierranortedeguadalajara.com\/index.php?rest_route=\/wp\/v2\/users\/1"}],"replies":[{"embeddable":true,"href":"https:\/\/blog.sierranortedeguadalajara.com\/index.php?rest_route=%2Fwp%2Fv2%2Fcomments&post=16022"}],"version-history":[{"count":1,"href":"https:\/\/blog.sierranortedeguadalajara.com\/index.php?rest_route=\/wp\/v2\/posts\/16022\/revisions"}],"predecessor-version":[{"id":27908,"href":"https:\/\/blog.sierranortedeguadalajara.com\/index.php?rest_route=\/wp\/v2\/posts\/16022\/revisions\/27908"}],"wp:attachment":[{"href":"https:\/\/blog.sierranortedeguadalajara.com\/index.php?rest_route=%2Fwp%2Fv2%2Fmedia&parent=16022"}],"wp:term":[{"taxonomy":"category","embeddable":true,"href":"https:\/\/blog.sierranortedeguadalajara.com\/index.php?rest_route=%2Fwp%2Fv2%2Fcategories&post=16022"},{"taxonomy":"post_tag","embeddable":true,"href":"https:\/\/blog.sierranortedeguadalajara.com\/index.php?rest_route=%2Fwp%2Fv2%2Ftags&post=16022"}],"curies":[{"name":"wp","href":"https:\/\/api.w.org\/{rel}","templated":true}]}}