{"id":16015,"date":"2015-07-31T00:05:19","date_gmt":"2015-07-30T22:05:19","guid":{"rendered":"http:\/\/blog.laveredadepuebla.com\/?p=16015"},"modified":"2023-02-10T12:17:53","modified_gmt":"2023-02-10T12:17:53","slug":"fiestas-de-agosto-en-la-sierra-norte","status":"publish","type":"post","link":"https:\/\/blog.sierranortedeguadalajara.com\/?p=16015","title":{"rendered":"Fiestas de agosto en la Sierra Norte"},"content":{"rendered":"<p>La despoblaci\u00f3n ha marcado la vida en la<a href=\"http:\/\/blog.laveredadepuebla.com\/2011\/04\/01\/parque-natural-sierra-norte-de-guadalajara\/\"><strong><em> Sierra Norte<\/em><\/strong><\/a>. En los a\u00f1os 80\/90 la mayor\u00eda de los 61 municipios pasaron las fiestas patronales al mes de agosto, para que los hijos de la tierra pudieran reencontrarse con su pueblo y sus vecinos. Pusieron especial cuidado en que no coincidieran con las fiestas de pueblos vecinos.<\/p>\n<p>Por esta raz\u00f3n agosto es el mes festivo por excelencia en la Sierra. Quiz\u00e1s las fiestas hayan perdido parte de su autenticidad, pero han conseguido sobrevivir sin renunciar a la tradici\u00f3n que representan.<em> (Mis disculpas por no incluirla todas; si conoces alguna m\u00e1s te agradecer\u00e9 me lo hagas saber).<a href=\"https:\/\/laveredadepuebla.files.wordpress.com\/2015\/07\/150731-sierra-norte-guadalajara.jpg\"><img loading=\"lazy\" decoding=\"async\" class=\"aligncenter size-large wp-image-16017\" src=\"https:\/\/blog.sierranortedeguadalajara.com\/wp-content\/uploads\/2023\/02\/150731-sierra-norte-guadalajara.jpg\" alt=\"150731 Sierra Norte Guadalajara\" width=\"500\" height=\"333\" \/><\/a><\/em><\/p>\n<ul>\n<li>1-2 Fiestas patronales <em><strong><a href=\"http:\/\/www.laveredadepuebla.com\/rutasypueblos\/almiruete.pdf\">Almiruete,<\/a> <a href=\"http:\/\/www.laveredadepuebla.com\/rutasypueblos\/valdesotos.pdf\">Valdesotos<\/a>,<\/strong> <\/em><strong>Palancares, Roblelacasa y Robledo de Corpes<\/strong><\/li>\n<li>6-9 <a href=\"http:\/\/blog.laveredadepuebla.com\/2011\/11\/25\/esos-pueblos-negros\/\"><em><strong>Campillo de Ranas,<\/strong><\/em><\/a> fiestas de Mar\u00eda Magdalena<\/li>\n<li>7-9 Fiestas patronales en <em><strong><a href=\"http:\/\/blog.laveredadepuebla.com\/2011\/08\/22\/fiestas-2-011-en-puebla-de-valles\/\">Puebla de Valles<\/a> y <a href=\"http:\/\/www.laveredadepuebla.com\/rutasypueblos\/visitamuriel.pdf\">Muriel<\/a><\/strong><\/em><\/li>\n<li>8-9 Jornadas por<strong><em><a href=\"http:\/\/blog.laveredadepuebla.com\/2011\/11\/14\/bonaval-un-monasterio-atipico\/\"> Bonaval en Retiendas<\/a><\/em><\/strong><\/li>\n<li>8 Romer\u00eda y cruces de mayo en <strong>Riofr\u00edo del Llano<\/strong><\/li>\n<li>9 Sardinada en <strong>La Bodera<\/strong><\/li>\n<li>14-17 Fiestas patronales en <em><strong><a href=\"http:\/\/www.laveredadepuebla.com\/rutasypueblos\/tamajon.pdf\">Tamaj\u00f3n<\/a><\/strong><\/em><\/li>\n<li>15 Fiestas de la Virgen de los Remedios en <em><strong><a href=\"http:\/\/blog.laveredadepuebla.com\/2012\/08\/10\/cogolludo-historia-cultura-buen-comer-y-mejor-beber\/\">Cogolludo<\/a><\/strong><\/em><\/li>\n<li>15 <strong>Condemios de Arriba<\/strong>, fiestas patronales y <strong><em><a href=\"https:\/\/www.youtube.com\/watch?v=y5O6HfdpIAo\">danzantes<\/a><\/em><\/strong><\/li>\n<li>15 Fiestas de la Virgen de la Asunci\u00f3n en <strong>Gascue\u00f1a del Bornova<\/strong><\/li>\n<li>15 Romer\u00eda de la <em><strong><a href=\"http:\/\/blog.laveredadepuebla.com\/2010\/08\/23\/la-virgen%C2%A0blanca\/\">Virgen Blanca en Retiendas<\/a><\/strong><\/em><\/li>\n<li>15-16 <a href=\"http:\/\/www.laveredadepuebla.com\/rutasypueblos\/lamierla.pdf\"><em><strong>La Mierla,<\/strong><\/em><\/a> fiestas de la Asunci\u00f3n y San Roque<\/li>\n<li>16 <strong>San Andr\u00e9s del Congosto, Rebollosa y Zarzuela de Jadraque<\/strong> fiestas S. Roque<\/li>\n<li>16 <a href=\"http:\/\/www.siguenza.es\/\"><em><strong>Sig\u00fcenza<\/strong><\/em><\/a>, rosario de los faroles<\/li>\n<li>20-23 <strong>Atienza y Viana de Jadraque,<\/strong> fiestas patronales<\/li>\n<li>21-22<a href=\"https:\/\/www.youtube.com\/watch?v=hR9fEuL9MJo\"><em><strong> Danzantes de la Virgen del Pinar en Galve de Sorbe<\/strong><\/em><\/a><\/li>\n<li>22<strong><em><a href=\"https:\/\/www.youtube.com\/watch?v=z4cogYUYI7w\"> La Mach\u00e1 de Boc\u00edgano<\/a><\/em><\/strong><\/li>\n<li>26-31 Fiestas de la Virgen de la Salceda en<a href=\"http:\/\/blog.laveredadepuebla.com\/2012\/10\/30\/estuvo-cristobal-colon-en-la-ribera\/\"><em><strong> Arbanc\u00f3n<\/strong><\/em><\/a><\/li>\n<li>27-30 <strong>Villares de Jadraque<\/strong>, <a href=\"https:\/\/www.youtube.com\/watch?v=hgE3lEGDltc\"><strong><em>fiestas patronales y vaquillones<\/em><\/strong><\/a><\/li>\n<li>28 Fiestas del Santo Cristo en<a href=\"http:\/\/www.laveredadepuebla.com\/rutasypueblos\/valdepenas.pdf\"><strong><em> Valdepe\u00f1as de la Sierra<\/em><\/strong><\/a><\/li>\n<li>28-30 <strong>Pinilla de Jadraque<\/strong>, fiestas de Santa \u00c1gueda<\/li>\n<li>29 <a href=\"http:\/\/blog.laveredadepuebla.com\/2010\/08\/27\/la-fiesta-del%C2%A0degollado\/\"><em><strong>Fiesta del Degollado<\/strong> <\/em><\/a>en Retiendas<\/li>\n<\/ul>\n<p>Adem\u00e1s del fresco, la tertulia, paseo bajo las estrellas y de las playas de agua dulce, esta es otra raz\u00f3n para venir a la <strong><em><a href=\"http:\/\/www.sierranortedeguadalajara.com\">Sierra Norte. <\/a><\/em><\/strong><\/p>\n<p><em><strong>Lar-ami<\/strong><\/em><\/p>\n","protected":false},"excerpt":{"rendered":"<p>La despoblaci\u00f3n ha marcado la vida en la Sierra Norte. En los a\u00f1os 80\/90 la mayor\u00eda de los 61 municipios pasaron las fiestas patronales al mes de agosto, para que los hijos de la tierra pudieran reencontrarse con su pueblo y sus vecinos. Pusieron especial cuidado en que no coincidieran con las fiestas de pueblos &hellip; <\/p>\n<p class=\"link-more\"><a href=\"https:\/\/blog.sierranortedeguadalajara.com\/?p=16015\" class=\"more-link\">Seguir leyendo<span class=\"screen-reader-text\"> \u00abFiestas de agosto en la Sierra Norte\u00bb<\/span><\/a><\/p>\n","protected":false},"author":1,"featured_media":0,"comment_status":"open","ping_status":"open","sticky":false,"template":"","format":"standard","meta":{"footnotes":""},"categories":[17,9],"tags":[2,100,4,115,5,10],"class_list":["post-16015","post","type-post","status-publish","format-standard","hentry","category-paisajes-y-lugares-de-la-sierra-norte","category-rincones-de-la-sierra-norte","tag-actualidad","tag-costumbres-y-tradiciones","tag-cultura","tag-fiestas-y-eventos","tag-historia","tag-sierra-norte","entry"],"_links":{"self":[{"href":"https:\/\/blog.sierranortedeguadalajara.com\/index.php?rest_route=\/wp\/v2\/posts\/16015","targetHints":{"allow":["GET"]}}],"collection":[{"href":"https:\/\/blog.sierranortedeguadalajara.com\/index.php?rest_route=\/wp\/v2\/posts"}],"about":[{"href":"https:\/\/blog.sierranortedeguadalajara.com\/index.php?rest_route=\/wp\/v2\/types\/post"}],"author":[{"embeddable":true,"href":"https:\/\/blog.sierranortedeguadalajara.com\/index.php?rest_route=\/wp\/v2\/users\/1"}],"replies":[{"embeddable":true,"href":"https:\/\/blog.sierranortedeguadalajara.com\/index.php?rest_route=%2Fwp%2Fv2%2Fcomments&post=16015"}],"version-history":[{"count":1,"href":"https:\/\/blog.sierranortedeguadalajara.com\/index.php?rest_route=\/wp\/v2\/posts\/16015\/revisions"}],"predecessor-version":[{"id":27913,"href":"https:\/\/blog.sierranortedeguadalajara.com\/index.php?rest_route=\/wp\/v2\/posts\/16015\/revisions\/27913"}],"wp:attachment":[{"href":"https:\/\/blog.sierranortedeguadalajara.com\/index.php?rest_route=%2Fwp%2Fv2%2Fmedia&parent=16015"}],"wp:term":[{"taxonomy":"category","embeddable":true,"href":"https:\/\/blog.sierranortedeguadalajara.com\/index.php?rest_route=%2Fwp%2Fv2%2Fcategories&post=16015"},{"taxonomy":"post_tag","embeddable":true,"href":"https:\/\/blog.sierranortedeguadalajara.com\/index.php?rest_route=%2Fwp%2Fv2%2Ftags&post=16015"}],"curies":[{"name":"wp","href":"https:\/\/api.w.org\/{rel}","templated":true}]}}