{"id":16009,"date":"2015-07-30T00:05:01","date_gmt":"2015-07-29T22:05:01","guid":{"rendered":"http:\/\/blog.laveredadepuebla.com\/?p=16009"},"modified":"2023-02-10T12:17:54","modified_gmt":"2023-02-10T12:17:54","slug":"el-hombre-en-el-canon-del-jarama","status":"publish","type":"post","link":"https:\/\/blog.sierranortedeguadalajara.com\/?p=16009","title":{"rendered":"El hombre en el ca\u00f1\u00f3n del Jarama"},"content":{"rendered":"<p>A ojos profanos sorprende que las <a href=\"http:\/\/blog.laveredadepuebla.com\/2010\/11\/02\/las-cuevas-del%C2%A0jarama\/\"><strong><em>cuevas prehist\u00f3ricas del Jarama<\/em><\/strong><\/a> hayan sido ocupadas por el hombre en \u00e9pocas diferentes <em>(Paleolitico y bronce, Paleolitico y Calcolitico,\u2026)<\/em> con miles de a\u00f1os de diferencia. A veces cambiando de funci\u00f3n <em>(de habitable a enterramiento, <a href=\"http:\/\/blog.laveredadepuebla.com\/2010\/11\/10\/el-gloton-del%C2%A0jarama\/\"><strong>cueva del glot\u00f3n<\/strong><\/a>)<\/em> y en otros manteni\u00e9ndolo<em> (como santuario, <a href=\"http:\/\/blog.laveredadepuebla.com\/2010\/11\/16\/la-cueva-del%C2%A0reno\/\"><strong>la cueva del Reno<\/strong><\/a>)<\/em>. Los hallazgos arqueol\u00f3gicos permiten reconstruir su evoluci\u00f3n de acuerdo con el transcurrir de glaciaciones y deshielos. As\u00ed sabemos que<\/p>\n<p>\u2022 El <strong>hombre de Neardhental<\/strong> habit\u00f3 la<a href=\"https:\/\/paleorama.wordpress.com\/2012\/05\/18\/descubren-restos-de-neandertales-en-jarama-vi-guadalajara\/\"> <em><strong>cueva Jarama VI<\/strong><\/em> <\/a>hasta hace 45.000 a\u00f1os <em>(seg\u00fan corroboran <a href=\"http:\/\/blog.laveredadepuebla.com\/2013\/02\/07\/el-jarama-y-los-neandertales\/\"><strong>nuevas dataciones<\/strong> <\/a>de carbono XIV, que anteriormente fijaban su desaparici\u00f3n en 32.000 a.c.)<\/em><a href=\"http:\/\/portal.uned.es\/portal\/page?_pageid=93,693583&amp;_dad=portal&amp;_schema=PORTAL\"><img loading=\"lazy\" decoding=\"async\" class=\"alignright wp-image-16011 size-medium\" src=\"https:\/\/blog.sierranortedeguadalajara.com\/wp-content\/uploads\/2023\/02\/150730-el-hombre.jpg\" alt=\"150730 el hombre\" width=\"300\" height=\"213\" \/><\/a><br \/>\n\u2022 Durante dos mil a\u00f1os las aguas sumergieron el ca\u00f1\u00f3n del Jarama<br \/>\n\u2022 Tras volver el Jarama a su cauce, las cuevas fueron ocupadas por el Homo sapiens.<br \/>\n\u2022 Al finalizar la Prehistoria fueron abandonadas<br \/>\n\u2022 Tras la repoblaci\u00f3n posterior a la reconquista <em>(siglos XII y XIII)<\/em>, algunas de estas cuevas se usaron como aprisco para el ganado, lo que han conservado los restos prehist\u00f3ricos.<br \/>\n\u2022 Desde entonces el hombre solo las ha ocupado ocasionalmente en momentos concretos: guerra civil, posguerra, <strong><em><a href=\"http:\/\/blog.laveredadepuebla.com\/2012\/07\/09\/una-obra-faraonica-el-canal-del-jarama\/\">construcci\u00f3n del Canal del Jarama,\u2026<\/a><\/em><\/strong><\/p>\n<p>Y sabemos todo esto gracias al trabajo del <a href=\"http:\/\/portal.uned.es\/portal\/page?_pageid=93,693583&amp;_dad=portal&amp;_schema=PORTAL\"><strong><em>Dr Jord\u00e1 Pardo<\/em><\/strong><\/a>, que desde el a\u00f1o 1.983 est\u00e1 excavando y estudiando <a href=\"http:\/\/blog.laveredadepuebla.com\/2010\/11\/02\/las-cuevas-del%C2%A0jarama\/\"><strong><em>las cuevas prehist\u00f3ricas del ca\u00f1\u00f3n del Jarama<\/em><\/strong><\/a>. Desde aqu\u00ed nuestro agradecimiento por siempre.<\/p>\n<p><em><strong>Lar-ami<\/strong><\/em><\/p>\n","protected":false},"excerpt":{"rendered":"<p>A ojos profanos sorprende que las cuevas prehist\u00f3ricas del Jarama hayan sido ocupadas por el hombre en \u00e9pocas diferentes (Paleolitico y bronce, Paleolitico y Calcolitico,\u2026) con miles de a\u00f1os de diferencia. A veces cambiando de funci\u00f3n (de habitable a enterramiento, cueva del glot\u00f3n) y en otros manteni\u00e9ndolo (como santuario, la cueva del Reno). Los hallazgos &hellip; <\/p>\n<p class=\"link-more\"><a href=\"https:\/\/blog.sierranortedeguadalajara.com\/?p=16009\" class=\"more-link\">Seguir leyendo<span class=\"screen-reader-text\"> \u00abEl hombre en el ca\u00f1\u00f3n del Jarama\u00bb<\/span><\/a><\/p>\n","protected":false},"author":1,"featured_media":0,"comment_status":"open","ping_status":"open","sticky":false,"template":"","format":"standard","meta":{"footnotes":""},"categories":[17,9],"tags":[4,13,5,35,31,8,27],"class_list":["post-16009","post","type-post","status-publish","format-standard","hentry","category-paisajes-y-lugares-de-la-sierra-norte","category-rincones-de-la-sierra-norte","tag-cultura","tag-guadalajara","tag-historia","tag-jarama","tag-prehistoria","tag-puebla-de-valles","tag-valdesotos","entry"],"_links":{"self":[{"href":"https:\/\/blog.sierranortedeguadalajara.com\/index.php?rest_route=\/wp\/v2\/posts\/16009","targetHints":{"allow":["GET"]}}],"collection":[{"href":"https:\/\/blog.sierranortedeguadalajara.com\/index.php?rest_route=\/wp\/v2\/posts"}],"about":[{"href":"https:\/\/blog.sierranortedeguadalajara.com\/index.php?rest_route=\/wp\/v2\/types\/post"}],"author":[{"embeddable":true,"href":"https:\/\/blog.sierranortedeguadalajara.com\/index.php?rest_route=\/wp\/v2\/users\/1"}],"replies":[{"embeddable":true,"href":"https:\/\/blog.sierranortedeguadalajara.com\/index.php?rest_route=%2Fwp%2Fv2%2Fcomments&post=16009"}],"version-history":[{"count":1,"href":"https:\/\/blog.sierranortedeguadalajara.com\/index.php?rest_route=\/wp\/v2\/posts\/16009\/revisions"}],"predecessor-version":[{"id":27915,"href":"https:\/\/blog.sierranortedeguadalajara.com\/index.php?rest_route=\/wp\/v2\/posts\/16009\/revisions\/27915"}],"wp:attachment":[{"href":"https:\/\/blog.sierranortedeguadalajara.com\/index.php?rest_route=%2Fwp%2Fv2%2Fmedia&parent=16009"}],"wp:term":[{"taxonomy":"category","embeddable":true,"href":"https:\/\/blog.sierranortedeguadalajara.com\/index.php?rest_route=%2Fwp%2Fv2%2Fcategories&post=16009"},{"taxonomy":"post_tag","embeddable":true,"href":"https:\/\/blog.sierranortedeguadalajara.com\/index.php?rest_route=%2Fwp%2Fv2%2Ftags&post=16009"}],"curies":[{"name":"wp","href":"https:\/\/api.w.org\/{rel}","templated":true}]}}