{"id":15999,"date":"2015-07-29T00:05:04","date_gmt":"2015-07-28T22:05:04","guid":{"rendered":"http:\/\/blog.laveredadepuebla.com\/?p=15999"},"modified":"2023-02-10T12:17:54","modified_gmt":"2023-02-10T12:17:54","slug":"la-vereda-se-funde-con-el-paisaje","status":"publish","type":"post","link":"https:\/\/blog.sierranortedeguadalajara.com\/?p=15999","title":{"rendered":"La Vereda se funde con el paisaje"},"content":{"rendered":"<p><a href=\"https:\/\/laveredadepuebla.files.wordpress.com\/2015\/07\/150729-se-funde-1.jpg\"><img loading=\"lazy\" decoding=\"async\" class=\"alignright wp-image-16000\" src=\"https:\/\/blog.sierranortedeguadalajara.com\/wp-content\/uploads\/2023\/02\/150729-se-funde-1.jpg\" alt=\"150729 se funde 1\" width=\"390\" height=\"293\" \/><\/a>Quiz\u00e1s la caracter\u00edstica m\u00e1s curiosa de los<a href=\"http:\/\/www.pueblosarquitecturanegra.es\/\"><em><strong> pueblos negros<\/strong><\/em><\/a> sea que desde la <em><a href=\"http:\/\/blog.laveredadepuebla.com\/2015\/07\/23\/el-camino-a-la-vereda\/\"><strong>lejan\u00eda su figura<\/strong> <\/a>(de pizarra negra) <\/em>se funde con el paisaje.<\/p>\n<p>&nbsp;<\/p>\n<p><a href=\"https:\/\/laveredadepuebla.files.wordpress.com\/2015\/07\/150729-se-funde-2.jpg\"><img loading=\"lazy\" decoding=\"async\" class=\"alignleft size-medium wp-image-16001\" src=\"https:\/\/blog.sierranortedeguadalajara.com\/wp-content\/uploads\/2023\/02\/150729-se-funde-2.jpg\" alt=\"150729 se funde 2\" width=\"300\" height=\"225\" \/><\/a>En <a href=\"http:\/\/lospueblosdeshabitados.blogspot.com.es\/2014\/03\/la-vereda-guadalajara.html\"><em><strong>La Vereda<\/strong><\/em><\/a> esto es cierto y no solo desde lejos. Dentro del casco urbano, y mirando en cualquier direcci\u00f3n sus edificios se confunden con la naturaleza que lo rodea.<\/p>\n<p>&nbsp;<\/p>\n<p><a href=\"https:\/\/laveredadepuebla.files.wordpress.com\/2015\/07\/150729-se-funde-3.jpg\"><img loading=\"lazy\" decoding=\"async\" class=\"alignright wp-image-16002 size-thumbnail\" src=\"https:\/\/blog.sierranortedeguadalajara.com\/wp-content\/uploads\/2023\/02\/150729-se-funde-3.jpg\" alt=\"150729 se funde 3\" width=\"150\" height=\"113\" \/><\/a>Y produce una extra\u00f1a y placentera sensaci\u00f3n, sobre todo a primera hora de la ma\u00f1ana. No es de extra\u00f1ar que <a href=\"http:\/\/hijosdelavereda.blogspot.com.es\/\"><em><strong>sus hijos<\/strong> <\/em><\/a>a\u00f1oren este hermoso pueblo. A <a href=\"http:\/\/blog.laveredadepuebla.com\/2011\/04\/01\/parque-natural-sierra-norte-de-guadalajara\/\"><em><strong>los serranos<\/strong><\/em><\/a> tambi\u00e9n nos ocurre.<\/p>\n<p><em><strong>Lar-ami<\/strong><\/em><\/p>\n","protected":false},"excerpt":{"rendered":"<p>Quiz\u00e1s la caracter\u00edstica m\u00e1s curiosa de los pueblos negros sea que desde la lejan\u00eda su figura (de pizarra negra) se funde con el paisaje. &nbsp; En La Vereda esto es cierto y no solo desde lejos. Dentro del casco urbano, y mirando en cualquier direcci\u00f3n sus edificios se confunden con la naturaleza que lo rodea. &hellip; <\/p>\n<p class=\"link-more\"><a href=\"https:\/\/blog.sierranortedeguadalajara.com\/?p=15999\" class=\"more-link\">Seguir leyendo<span class=\"screen-reader-text\"> \u00abLa Vereda se funde con el paisaje\u00bb<\/span><\/a><\/p>\n","protected":false},"author":1,"featured_media":0,"comment_status":"open","ping_status":"open","sticky":false,"template":"","format":"standard","meta":{"footnotes":""},"categories":[12,17],"tags":[2,76,4,26,5,7,10],"class_list":["post-15999","post","type-post","status-publish","format-standard","hentry","category-actualidad","category-paisajes-y-lugares-de-la-sierra-norte","tag-actualidad","tag-arquitectura-negra","tag-cultura","tag-el-vado","tag-historia","tag-naturaleza","tag-sierra-norte","entry"],"_links":{"self":[{"href":"https:\/\/blog.sierranortedeguadalajara.com\/index.php?rest_route=\/wp\/v2\/posts\/15999","targetHints":{"allow":["GET"]}}],"collection":[{"href":"https:\/\/blog.sierranortedeguadalajara.com\/index.php?rest_route=\/wp\/v2\/posts"}],"about":[{"href":"https:\/\/blog.sierranortedeguadalajara.com\/index.php?rest_route=\/wp\/v2\/types\/post"}],"author":[{"embeddable":true,"href":"https:\/\/blog.sierranortedeguadalajara.com\/index.php?rest_route=\/wp\/v2\/users\/1"}],"replies":[{"embeddable":true,"href":"https:\/\/blog.sierranortedeguadalajara.com\/index.php?rest_route=%2Fwp%2Fv2%2Fcomments&post=15999"}],"version-history":[{"count":1,"href":"https:\/\/blog.sierranortedeguadalajara.com\/index.php?rest_route=\/wp\/v2\/posts\/15999\/revisions"}],"predecessor-version":[{"id":27919,"href":"https:\/\/blog.sierranortedeguadalajara.com\/index.php?rest_route=\/wp\/v2\/posts\/15999\/revisions\/27919"}],"wp:attachment":[{"href":"https:\/\/blog.sierranortedeguadalajara.com\/index.php?rest_route=%2Fwp%2Fv2%2Fmedia&parent=15999"}],"wp:term":[{"taxonomy":"category","embeddable":true,"href":"https:\/\/blog.sierranortedeguadalajara.com\/index.php?rest_route=%2Fwp%2Fv2%2Fcategories&post=15999"},{"taxonomy":"post_tag","embeddable":true,"href":"https:\/\/blog.sierranortedeguadalajara.com\/index.php?rest_route=%2Fwp%2Fv2%2Ftags&post=15999"}],"curies":[{"name":"wp","href":"https:\/\/api.w.org\/{rel}","templated":true}]}}