{"id":15986,"date":"2015-07-27T00:05:07","date_gmt":"2015-07-26T22:05:07","guid":{"rendered":"http:\/\/blog.laveredadepuebla.com\/?p=15986"},"modified":"2023-02-10T12:17:55","modified_gmt":"2023-02-10T12:17:55","slug":"el-arroyo-vallosera","status":"publish","type":"post","link":"https:\/\/blog.sierranortedeguadalajara.com\/?p=15986","title":{"rendered":"El arroyo Vallosera\u2026"},"content":{"rendered":"<p>\u2026 ser\u00eda otro m\u00e1s de la<a href=\"http:\/\/blog.laveredadepuebla.com\/2011\/04\/01\/parque-natural-sierra-norte-de-guadalajara\/\"><em><strong> Sierra Norte<\/strong> <\/em><\/a>sino fuera por algunas caracter\u00edsticas que lo hacen \u00fanico.<a href=\"https:\/\/laveredadepuebla.files.wordpress.com\/2015\/07\/150727-arroyo-1.jpg\"><img loading=\"lazy\" decoding=\"async\" class=\"alignright wp-image-15988\" src=\"https:\/\/blog.sierranortedeguadalajara.com\/wp-content\/uploads\/2023\/02\/150727-arroyo-1.jpg\" alt=\"150727 arroyo 1\" width=\"240\" height=\"180\" \/><\/a><\/p>\n<ul>\n<li>Desde su nacimiento <em>(en<a href=\"http:\/\/serraniadelcardoso.es\/web\/conoce-la-sierra\/historia\/la-vihuela\/\"><strong> La Vihuela<\/strong><\/a>, otro pueblo abandonado)<\/em> hasta su desembocadura en <a href=\"http:\/\/blog.laveredadepuebla.com\/2009\/08\/22\/la-presa-del-vado\/\"><em><strong>El Vado<\/strong><\/em><\/a>, su cauce discurre en un estrecho y profundo ca\u00f1\u00f3n que resulta inaccesible.<\/li>\n<li>Transcurre a los pies de <a href=\"http:\/\/www.pueblosarquitecturanegra.es\/campillo-de-ranas\/la-vereda\/\"><em><strong>La Vereda<\/strong> <\/em><\/a>y le sirve como defensa.<\/li>\n<li><a href=\"https:\/\/laveredadepuebla.files.wordpress.com\/2015\/07\/150727-arroyo-2.jpg\"><img loading=\"lazy\" decoding=\"async\" class=\"alignleft size-thumbnail wp-image-15989\" src=\"https:\/\/blog.sierranortedeguadalajara.com\/wp-content\/uploads\/2023\/02\/150727-arroyo-2.jpg\" alt=\"150727 arroyo 2\" width=\"113\" height=\"150\" \/><\/a>El <a href=\"http:\/\/blog.laveredadepuebla.com\/2015\/07\/23\/el-camino-a-la-vereda\/\"><em><strong>camino que lleva a La Vereda<\/strong><\/em><\/a> sigue su cauce durante unos metros y ofrece im\u00e1genes espectaculares.<\/li>\n<li>A pesar de su corto recorrido <em>(no llega a 8 kms)<\/em> fluye casi todo el a\u00f1o y alimentaba un molino maquilero.<\/li>\n<li>Muere a los pies de la iglesia de <a href=\"http:\/\/blog.laveredadepuebla.com\/2009\/11\/10\/iglesia-de-santa-maria-del-vado\/\"><em><strong>Santa Mar\u00eda del Vado<\/strong><\/em><\/a>, citada por el <strong>Arcipreste de Hita<\/strong>.<\/li>\n<li>Su nombre significa<em> \u201cValle de los osos\u201d,<\/em> siendo citado en el <a href=\"http:\/\/laveredadepuebla.wordpress.com\/2010\/04\/18\/el-libro-de-la-monteria\/\"><em><strong>Libro de la Monter\u00eda<\/strong> <\/em><\/a>de Alfonso XI <em>(siglo XIV)<\/em>.<a href=\"https:\/\/laveredadepuebla.files.wordpress.com\/2015\/07\/150727-arroyo-3.jpg\"><img loading=\"lazy\" decoding=\"async\" class=\"alignright wp-image-15990\" src=\"https:\/\/blog.sierranortedeguadalajara.com\/wp-content\/uploads\/2023\/02\/150727-arroyo-3.jpg\" alt=\"150727 arroyo 3\" width=\"240\" height=\"180\" \/><\/a><\/li>\n<li>El Concejo de El Vado arrendaba su pesca, seg\u00fan recoge el Libro de Cuentas del siglo XVI<\/li>\n<\/ul>\n<p>Si a\u00f1adimos las<a href=\"http:\/\/hijosdelavereda.blogspot.com.es\/2010\/11\/el-arroyo-vallosera.html\"><em><strong> connotaciones que el arroyo Vallosera<\/strong> <\/em><\/a>tuvo para <a href=\"http:\/\/hijosdelavereda.blogspot.com.es\/\"><strong><em>los hijos de La Vereda<\/em> <\/strong><\/a>en su vida cotidiana, se comprender\u00e1 por qu\u00e9 es tan importante. Basta comprobar el mimo con que lo describen.<\/p>\n<p><em><strong>Lar-ami<\/strong><\/em><\/p>\n","protected":false},"excerpt":{"rendered":"<p>\u2026 ser\u00eda otro m\u00e1s de la Sierra Norte sino fuera por algunas caracter\u00edsticas que lo hacen \u00fanico. Desde su nacimiento (en La Vihuela, otro pueblo abandonado) hasta su desembocadura en El Vado, su cauce discurre en un estrecho y profundo ca\u00f1\u00f3n que resulta inaccesible. Transcurre a los pies de La Vereda y le sirve como &hellip; <\/p>\n<p class=\"link-more\"><a href=\"https:\/\/blog.sierranortedeguadalajara.com\/?p=15986\" class=\"more-link\">Seguir leyendo<span class=\"screen-reader-text\"> \u00abEl arroyo Vallosera\u2026\u00bb<\/span><\/a><\/p>\n","protected":false},"author":1,"featured_media":0,"comment_status":"open","ping_status":"open","sticky":false,"template":"","format":"standard","meta":{"footnotes":""},"categories":[12,17],"tags":[2,76,4,26,5,7,10],"class_list":["post-15986","post","type-post","status-publish","format-standard","hentry","category-actualidad","category-paisajes-y-lugares-de-la-sierra-norte","tag-actualidad","tag-arquitectura-negra","tag-cultura","tag-el-vado","tag-historia","tag-naturaleza","tag-sierra-norte","entry"],"_links":{"self":[{"href":"https:\/\/blog.sierranortedeguadalajara.com\/index.php?rest_route=\/wp\/v2\/posts\/15986","targetHints":{"allow":["GET"]}}],"collection":[{"href":"https:\/\/blog.sierranortedeguadalajara.com\/index.php?rest_route=\/wp\/v2\/posts"}],"about":[{"href":"https:\/\/blog.sierranortedeguadalajara.com\/index.php?rest_route=\/wp\/v2\/types\/post"}],"author":[{"embeddable":true,"href":"https:\/\/blog.sierranortedeguadalajara.com\/index.php?rest_route=\/wp\/v2\/users\/1"}],"replies":[{"embeddable":true,"href":"https:\/\/blog.sierranortedeguadalajara.com\/index.php?rest_route=%2Fwp%2Fv2%2Fcomments&post=15986"}],"version-history":[{"count":1,"href":"https:\/\/blog.sierranortedeguadalajara.com\/index.php?rest_route=\/wp\/v2\/posts\/15986\/revisions"}],"predecessor-version":[{"id":27926,"href":"https:\/\/blog.sierranortedeguadalajara.com\/index.php?rest_route=\/wp\/v2\/posts\/15986\/revisions\/27926"}],"wp:attachment":[{"href":"https:\/\/blog.sierranortedeguadalajara.com\/index.php?rest_route=%2Fwp%2Fv2%2Fmedia&parent=15986"}],"wp:term":[{"taxonomy":"category","embeddable":true,"href":"https:\/\/blog.sierranortedeguadalajara.com\/index.php?rest_route=%2Fwp%2Fv2%2Fcategories&post=15986"},{"taxonomy":"post_tag","embeddable":true,"href":"https:\/\/blog.sierranortedeguadalajara.com\/index.php?rest_route=%2Fwp%2Fv2%2Ftags&post=15986"}],"curies":[{"name":"wp","href":"https:\/\/api.w.org\/{rel}","templated":true}]}}