{"id":15969,"date":"2015-07-22T00:05:56","date_gmt":"2015-07-21T22:05:56","guid":{"rendered":"http:\/\/blog.laveredadepuebla.com\/?p=15969"},"modified":"2023-02-10T12:17:58","modified_gmt":"2023-02-10T12:17:58","slug":"civilizados","status":"publish","type":"post","link":"https:\/\/blog.sierranortedeguadalajara.com\/?p=15969","title":{"rendered":"\u00bfCivilizados?"},"content":{"rendered":"<p>Hace un tiempo <a href=\"http:\/\/blog.laveredadepuebla.com\/2014\/09\/19\/yo-me-acuso\/\"><strong><em>me acusaba<\/em> <\/strong><\/a>de ser responsable de invitar a todos a que viniesen a<a href=\"http:\/\/blog.laveredadepuebla.com\/2011\/04\/01\/parque-natural-sierra-norte-de-guadalajara\/\"><em><strong> la Sierra Norte.<\/strong><\/em><\/a> Lamentaba no haber divulgado lo suficiente las reglas b\u00e1sicas de respeto al medio natural y haber generado molestias a mis vecinos por el comportamiento de algunos visitantes.<a href=\"https:\/\/laveredadepuebla.files.wordpress.com\/2015\/07\/150722-civilizados-1.jpg\"><img loading=\"lazy\" decoding=\"async\" class=\"alignleft size-medium wp-image-15970\" src=\"https:\/\/blog.sierranortedeguadalajara.com\/wp-content\/uploads\/2023\/02\/150722-civilizados-1.jpg\" alt=\"150722 civilizados 1\" width=\"212\" height=\"300\" \/><\/a><\/p>\n<p>Durante el \u00faltimo a\u00f1o se han incrementado las actuaciones de v\u00e1ndalos que han sembrado de basura rincones emblem\u00e1ticos, a pesar de prohibiciones y recomendaciones en carteles. Hemos vivido su prepotencia, conduciendo como si de un rally se tratara, y expulsando a los vecinos de sus lugares de siempre.<\/p>\n<p><em>\u00a1Me averg\u00fcenza no haber intuido esta situaci\u00f3n!<\/em> No imagin\u00e9 nunca que miembros de una sociedad del siglo XXI, que se llama asimismo <em>civilizada<\/em>, fueran capaces de semejantes atropellos. <strong><em>\u00bfCivilizados?<\/em><\/strong><\/p>\n<p><a href=\"https:\/\/laveredadepuebla.files.wordpress.com\/2015\/07\/150722-civilizados-2.jpg\"><img loading=\"lazy\" decoding=\"async\" class=\"alignright size-medium wp-image-15971\" src=\"https:\/\/blog.sierranortedeguadalajara.com\/wp-content\/uploads\/2023\/02\/150722-civilizados-2.jpg\" alt=\"150722 civilizados 2\" width=\"225\" height=\"300\" \/><\/a>En mi defensa debo decir que <span style=\"color:#ff0000;\"><strong>esta gente nunca fue invitada y nunca fue bienvenida a la Sierra<\/strong><\/span>; es m\u00e1s, <strong><span style=\"color:#ff0000;\">pedimos que se olviden de ella.<\/span><\/strong> Porque son un peligro para la convivencia de serranos y visitantes.<\/p>\n<p>La soluci\u00f3n no debiera ser prohibir el acceso a estos lugares o establecer pago por la entrada. Ni mucho menos la represi\u00f3n con multas y\/o c\u00e1rcel, como ocurre en pa\u00edses africanos. Bastar\u00eda con que el visitante muestre respeto por el entorno y por si mismo; esto se aprende y no solo en la escuela. Suiza y los pa\u00edses n\u00f3rdicos sirven de ejemplo.<\/p>\n<p><em><strong>Lar-ami<\/strong><\/em><\/p>\n","protected":false},"excerpt":{"rendered":"<p>Hace un tiempo me acusaba de ser responsable de invitar a todos a que viniesen a la Sierra Norte. Lamentaba no haber divulgado lo suficiente las reglas b\u00e1sicas de respeto al medio natural y haber generado molestias a mis vecinos por el comportamiento de algunos visitantes. Durante el \u00faltimo a\u00f1o se han incrementado las actuaciones &hellip; <\/p>\n<p class=\"link-more\"><a href=\"https:\/\/blog.sierranortedeguadalajara.com\/?p=15969\" class=\"more-link\">Seguir leyendo<span class=\"screen-reader-text\"> \u00ab\u00bfCivilizados?\u00bb<\/span><\/a><\/p>\n","protected":false},"author":1,"featured_media":0,"comment_status":"open","ping_status":"open","sticky":false,"template":"","format":"standard","meta":{"footnotes":""},"categories":[12,6,17],"tags":[2,4,5,7,10,22],"class_list":["post-15969","post","type-post","status-publish","format-standard","hentry","category-actualidad","category-mundo-rural","category-paisajes-y-lugares-de-la-sierra-norte","tag-actualidad","tag-cultura","tag-historia","tag-naturaleza","tag-sierra-norte","tag-siglo-xxi","entry"],"_links":{"self":[{"href":"https:\/\/blog.sierranortedeguadalajara.com\/index.php?rest_route=\/wp\/v2\/posts\/15969","targetHints":{"allow":["GET"]}}],"collection":[{"href":"https:\/\/blog.sierranortedeguadalajara.com\/index.php?rest_route=\/wp\/v2\/posts"}],"about":[{"href":"https:\/\/blog.sierranortedeguadalajara.com\/index.php?rest_route=\/wp\/v2\/types\/post"}],"author":[{"embeddable":true,"href":"https:\/\/blog.sierranortedeguadalajara.com\/index.php?rest_route=\/wp\/v2\/users\/1"}],"replies":[{"embeddable":true,"href":"https:\/\/blog.sierranortedeguadalajara.com\/index.php?rest_route=%2Fwp%2Fv2%2Fcomments&post=15969"}],"version-history":[{"count":1,"href":"https:\/\/blog.sierranortedeguadalajara.com\/index.php?rest_route=\/wp\/v2\/posts\/15969\/revisions"}],"predecessor-version":[{"id":27935,"href":"https:\/\/blog.sierranortedeguadalajara.com\/index.php?rest_route=\/wp\/v2\/posts\/15969\/revisions\/27935"}],"wp:attachment":[{"href":"https:\/\/blog.sierranortedeguadalajara.com\/index.php?rest_route=%2Fwp%2Fv2%2Fmedia&parent=15969"}],"wp:term":[{"taxonomy":"category","embeddable":true,"href":"https:\/\/blog.sierranortedeguadalajara.com\/index.php?rest_route=%2Fwp%2Fv2%2Fcategories&post=15969"},{"taxonomy":"post_tag","embeddable":true,"href":"https:\/\/blog.sierranortedeguadalajara.com\/index.php?rest_route=%2Fwp%2Fv2%2Ftags&post=15969"}],"curies":[{"name":"wp","href":"https:\/\/api.w.org\/{rel}","templated":true}]}}