{"id":15957,"date":"2015-07-20T00:05:33","date_gmt":"2015-07-19T22:05:33","guid":{"rendered":"http:\/\/blog.laveredadepuebla.com\/?p=15957"},"modified":"2023-02-10T12:17:59","modified_gmt":"2023-02-10T12:17:59","slug":"tamajon-un-caso-paradigmatico","status":"publish","type":"post","link":"https:\/\/blog.sierranortedeguadalajara.com\/?p=15957","title":{"rendered":"Tamaj\u00f3n, un caso paradigm\u00e1tico"},"content":{"rendered":"<p>Tenemos la tendencia de fotografiar edificios, lugares, paisajes,\u2026 de forma aislada, dando al observador la sensaci\u00f3n de que son independientes del entorno y de su historia.<a href=\"https:\/\/laveredadepuebla.files.wordpress.com\/2015\/07\/150720-ptamajon-2.jpg\"><img loading=\"lazy\" decoding=\"async\" class=\"alignright wp-image-15959\" src=\"https:\/\/blog.sierranortedeguadalajara.com\/wp-content\/uploads\/2023\/02\/150720-ptamajon-2.jpg\" alt=\"150720 pTamajon 2\" width=\"240\" height=\"180\" \/><\/a><a href=\"https:\/\/laveredadepuebla.files.wordpress.com\/2015\/07\/150720-ptamajon-1.jpg\"><img loading=\"lazy\" decoding=\"async\" class=\"alignleft wp-image-15958\" src=\"https:\/\/blog.sierranortedeguadalajara.com\/wp-content\/uploads\/2023\/02\/150720-ptamajon-1.jpg\" alt=\"150720 pTamajon 1\" width=\"240\" height=\"180\" \/><\/a><\/p>\n<p>&nbsp;<\/p>\n<p>Un caso paradigm\u00e1tico es <a href=\"http:\/\/www.laveredadepuebla.com\/rutasypueblos\/tamajon.pdf\"><strong><em>Tamaj\u00f3n<\/em><\/strong><\/a>. Abundan las fotograf\u00edas de la<a href=\"http:\/\/blog.laveredadepuebla.com\/2011\/11\/24\/vida-para-las-lagunas-de-tamajon\/\"><em><strong> laguna de Cantarranas<\/strong><\/em><\/a>, de <a href=\"http:\/\/blog.laveredadepuebla.com\/2009\/12\/13\/la-iglesia-de-tamajon\/\"><strong><em>la iglesia<\/em> <\/strong><\/a>y del <a href=\"http:\/\/blog.laveredadepuebla.com\/2010\/09\/21\/el-convento-franciscano-de%C2%A0tamajon\/\"><em><strong>convento franciscano<\/strong><\/em><\/a> desde todas las perspectivas posibles, que expresan su valor pero que no los integran con la villa.<\/p>\n<p><a href=\"https:\/\/laveredadepuebla.files.wordpress.com\/2015\/07\/150720-ptamajon-3.jpg\"><img loading=\"lazy\" decoding=\"async\" class=\"alignleft wp-image-15960\" src=\"https:\/\/blog.sierranortedeguadalajara.com\/wp-content\/uploads\/2023\/02\/150720-ptamajon-3.jpg\" alt=\"150720 pTamajon 3\" width=\"240\" height=\"180\" \/><\/a><a href=\"https:\/\/laveredadepuebla.files.wordpress.com\/2015\/07\/150720-ptamajon-4.jpg\"><img loading=\"lazy\" decoding=\"async\" class=\"alignright wp-image-15961\" src=\"https:\/\/blog.sierranortedeguadalajara.com\/wp-content\/uploads\/2023\/02\/150720-ptamajon-4.jpg\" alt=\"150720 pTamajon 4\" width=\"240\" height=\"180\" \/><\/a>La historia de Tamaj\u00f3n y de sus gentes no ser\u00eda la misma sin ellos. La importancia de estos monumentos, naturales \u00f3 no, se la han dado los vecinos del pueblo a lo largo de los siglos<strong>. \u00a1Y quer\u00eda decirlo!<\/strong><\/p>\n<p><em><strong>Lar-ami<\/strong><\/em><\/p>\n","protected":false},"excerpt":{"rendered":"<p>Tenemos la tendencia de fotografiar edificios, lugares, paisajes,\u2026 de forma aislada, dando al observador la sensaci\u00f3n de que son independientes del entorno y de su historia. &nbsp; Un caso paradigm\u00e1tico es Tamaj\u00f3n. Abundan las fotograf\u00edas de la laguna de Cantarranas, de la iglesia y del convento franciscano desde todas las perspectivas posibles, que expresan su &hellip; <\/p>\n<p class=\"link-more\"><a href=\"https:\/\/blog.sierranortedeguadalajara.com\/?p=15957\" class=\"more-link\">Seguir leyendo<span class=\"screen-reader-text\"> \u00abTamaj\u00f3n, un caso paradigm\u00e1tico\u00bb<\/span><\/a><\/p>\n","protected":false},"author":1,"featured_media":0,"comment_status":"open","ping_status":"open","sticky":false,"template":"","format":"standard","meta":{"footnotes":""},"categories":[12,17],"tags":[2,4,5,7,21],"class_list":["post-15957","post","type-post","status-publish","format-standard","hentry","category-actualidad","category-paisajes-y-lugares-de-la-sierra-norte","tag-actualidad","tag-cultura","tag-historia","tag-naturaleza","tag-tamajon","entry"],"_links":{"self":[{"href":"https:\/\/blog.sierranortedeguadalajara.com\/index.php?rest_route=\/wp\/v2\/posts\/15957","targetHints":{"allow":["GET"]}}],"collection":[{"href":"https:\/\/blog.sierranortedeguadalajara.com\/index.php?rest_route=\/wp\/v2\/posts"}],"about":[{"href":"https:\/\/blog.sierranortedeguadalajara.com\/index.php?rest_route=\/wp\/v2\/types\/post"}],"author":[{"embeddable":true,"href":"https:\/\/blog.sierranortedeguadalajara.com\/index.php?rest_route=\/wp\/v2\/users\/1"}],"replies":[{"embeddable":true,"href":"https:\/\/blog.sierranortedeguadalajara.com\/index.php?rest_route=%2Fwp%2Fv2%2Fcomments&post=15957"}],"version-history":[{"count":1,"href":"https:\/\/blog.sierranortedeguadalajara.com\/index.php?rest_route=\/wp\/v2\/posts\/15957\/revisions"}],"predecessor-version":[{"id":27943,"href":"https:\/\/blog.sierranortedeguadalajara.com\/index.php?rest_route=\/wp\/v2\/posts\/15957\/revisions\/27943"}],"wp:attachment":[{"href":"https:\/\/blog.sierranortedeguadalajara.com\/index.php?rest_route=%2Fwp%2Fv2%2Fmedia&parent=15957"}],"wp:term":[{"taxonomy":"category","embeddable":true,"href":"https:\/\/blog.sierranortedeguadalajara.com\/index.php?rest_route=%2Fwp%2Fv2%2Fcategories&post=15957"},{"taxonomy":"post_tag","embeddable":true,"href":"https:\/\/blog.sierranortedeguadalajara.com\/index.php?rest_route=%2Fwp%2Fv2%2Ftags&post=15957"}],"curies":[{"name":"wp","href":"https:\/\/api.w.org\/{rel}","templated":true}]}}