{"id":15947,"date":"2015-07-16T00:05:34","date_gmt":"2015-07-15T22:05:34","guid":{"rendered":"http:\/\/blog.laveredadepuebla.com\/?p=15947"},"modified":"2023-02-10T12:18:01","modified_gmt":"2023-02-10T12:18:01","slug":"amanece-en-el-vado","status":"publish","type":"post","link":"https:\/\/blog.sierranortedeguadalajara.com\/?p=15947","title":{"rendered":"Amanece en El Vado"},"content":{"rendered":"<p>Dicen que cuando el calor aprieta, cuerpo y esp\u00edritu ni descansan ni disfrutan. Cuentan que para calmarlos, no hay mejor remedio que los amaneceres.<a href=\"https:\/\/laveredadepuebla.files.wordpress.com\/2015\/07\/150716-amanece-vado-1.jpg\"><img loading=\"lazy\" decoding=\"async\" class=\"aligncenter size-large wp-image-15948\" src=\"https:\/\/blog.sierranortedeguadalajara.com\/wp-content\/uploads\/2023\/02\/150716-amanece-vado-1.jpg\" alt=\"150716 Amanece vado 1\" width=\"500\" height=\"375\" \/><\/a><\/p>\n<p>Y debe ser as\u00ed. Al menos lo fue para este<a href=\"http:\/\/blog.laveredadepuebla.com\/2009\/05\/27\/hola-mi-nombre-es-larami\/\"><em><strong> guardi\u00e1n et\u00e9reo<\/strong><\/em><\/a>, contemplando estos paisajes de <a href=\"http:\/\/blog.laveredadepuebla.com\/2009\/08\/22\/la-presa-del-vado\/\"><em><strong>El Vado<\/strong><\/em><\/a>. L\u00e1stima que a esa hora <em><strong><a href=\"http:\/\/blog.laveredadepuebla.com\/2015\/07\/07\/piraguismo-en-el-vado\/\">no hubiera piraguas.<\/a><a href=\"https:\/\/laveredadepuebla.files.wordpress.com\/2015\/07\/150716-amanece-vado-2.jpg\"><img loading=\"lazy\" decoding=\"async\" class=\"aligncenter size-large wp-image-15949\" src=\"https:\/\/blog.sierranortedeguadalajara.com\/wp-content\/uploads\/2023\/02\/150716-amanece-vado-2.jpg\" alt=\"150716 Amanece vado 2\" width=\"500\" height=\"375\" \/><\/a><\/strong><\/em><em><strong>Lar-ami<\/strong><\/em><\/p>\n","protected":false},"excerpt":{"rendered":"<p>Dicen que cuando el calor aprieta, cuerpo y esp\u00edritu ni descansan ni disfrutan. Cuentan que para calmarlos, no hay mejor remedio que los amaneceres. Y debe ser as\u00ed. Al menos lo fue para este guardi\u00e1n et\u00e9reo, contemplando estos paisajes de El Vado. L\u00e1stima que a esa hora no hubiera piraguas.Lar-ami<\/p>\n","protected":false},"author":1,"featured_media":0,"comment_status":"open","ping_status":"open","sticky":false,"template":"","format":"standard","meta":{"footnotes":""},"categories":[12,17,9],"tags":[2,26,7,10],"class_list":["post-15947","post","type-post","status-publish","format-standard","hentry","category-actualidad","category-paisajes-y-lugares-de-la-sierra-norte","category-rincones-de-la-sierra-norte","tag-actualidad","tag-el-vado","tag-naturaleza","tag-sierra-norte","entry"],"_links":{"self":[{"href":"https:\/\/blog.sierranortedeguadalajara.com\/index.php?rest_route=\/wp\/v2\/posts\/15947","targetHints":{"allow":["GET"]}}],"collection":[{"href":"https:\/\/blog.sierranortedeguadalajara.com\/index.php?rest_route=\/wp\/v2\/posts"}],"about":[{"href":"https:\/\/blog.sierranortedeguadalajara.com\/index.php?rest_route=\/wp\/v2\/types\/post"}],"author":[{"embeddable":true,"href":"https:\/\/blog.sierranortedeguadalajara.com\/index.php?rest_route=\/wp\/v2\/users\/1"}],"replies":[{"embeddable":true,"href":"https:\/\/blog.sierranortedeguadalajara.com\/index.php?rest_route=%2Fwp%2Fv2%2Fcomments&post=15947"}],"version-history":[{"count":1,"href":"https:\/\/blog.sierranortedeguadalajara.com\/index.php?rest_route=\/wp\/v2\/posts\/15947\/revisions"}],"predecessor-version":[{"id":27948,"href":"https:\/\/blog.sierranortedeguadalajara.com\/index.php?rest_route=\/wp\/v2\/posts\/15947\/revisions\/27948"}],"wp:attachment":[{"href":"https:\/\/blog.sierranortedeguadalajara.com\/index.php?rest_route=%2Fwp%2Fv2%2Fmedia&parent=15947"}],"wp:term":[{"taxonomy":"category","embeddable":true,"href":"https:\/\/blog.sierranortedeguadalajara.com\/index.php?rest_route=%2Fwp%2Fv2%2Fcategories&post=15947"},{"taxonomy":"post_tag","embeddable":true,"href":"https:\/\/blog.sierranortedeguadalajara.com\/index.php?rest_route=%2Fwp%2Fv2%2Ftags&post=15947"}],"curies":[{"name":"wp","href":"https:\/\/api.w.org\/{rel}","templated":true}]}}