{"id":15795,"date":"2015-06-09T00:05:41","date_gmt":"2015-06-08T22:05:41","guid":{"rendered":"http:\/\/blog.laveredadepuebla.com\/?p=15795"},"modified":"2023-02-10T12:18:19","modified_gmt":"2023-02-10T12:18:19","slug":"los-primeros-pobladores-del-comun-de-uceda","status":"publish","type":"post","link":"https:\/\/blog.sierranortedeguadalajara.com\/?p=15795","title":{"rendered":"Los primeros pobladores del Com\u00fan de Uceda"},"content":{"rendered":"<p>Tras la Reconquista de la <a href=\"http:\/\/blog.laveredadepuebla.com\/2011\/04\/01\/parque-natural-sierra-norte-de-guadalajara\/\"><em><strong>Sierra Norte<\/strong> <\/em><\/a>en el siglo XI, se repobl\u00f3 con gente del norte, creando aldeas que se organizaron en <a href=\"http:\/\/blog.laveredadepuebla.com\/2009\/09\/29\/comunes-de-villa-y-tierra\/\"><em><strong>Comunes de villa y tierra<\/strong><\/em><\/a>, como el <a href=\"http:\/\/blog.laveredadepuebla.com\/2009\/10\/05\/comunes-en-la-ribera-de-villa-y-tierra\/\"><em><strong>de Uceda.<\/strong><\/em><\/a> <em>\u00bfQui\u00e9nes eran estos nuevos pobladores?<\/em> El periodista <a href=\"http:\/\/www.aache.com\/alcarrians\/aguilar.htm\"><strong><em>Pedro Aguilar<\/em><\/strong><\/a> en <em>\u201cEl Cubillo de Uceda, de aldea a villa\u201d<\/em> aporta datos interesantes.<\/p>\n<p>La mayor\u00eda eran campesinos libres que se establec\u00edan en la frontera<em> (<a href=\"http:\/\/blog.laveredadepuebla.com\/2009\/08\/27\/rio-jarama\/\"><strong>Xarama<\/strong><\/a> en lengua bereber)<\/em> como colonos independientes, atra\u00eddos por la propiedad de la tierra, leyes m\u00e1s justas <em>(fuero propio)<\/em> y otros privilegios. Tambi\u00e9n acudieron siervos que deseaban progresar y que ya solo reconoc\u00edan al rey como Se\u00f1or.<\/p>\n<p><a href=\"https:\/\/laveredadepuebla.files.wordpress.com\/2015\/05\/150610-pobladores.jpg\"><img loading=\"lazy\" decoding=\"async\" class=\"alignright wp-image-15798\" src=\"https:\/\/blog.sierranortedeguadalajara.com\/wp-content\/uploads\/2023\/02\/150610-pobladores.jpg\" alt=\"150610 pobladores\" width=\"360\" height=\"271\" \/><\/a>Cultivaban su tierra y cuidaban su ganado, pagando contribuci\u00f3n en especie, adem\u00e1s de hospedar y alimentar a tropas, llevar el correo y trabajar unos d\u00edas para el Se\u00f1or y\/o el com\u00fan. Apenas pod\u00edan subsistir, por lo que con frecuencia dejaban la aldea y bajaban al sur en busca de mejores tierras.<\/p>\n<p>Asimismo llegaron <strong>infanzones y gentes de armas<\/strong> que formaban parte del ej\u00e9rcito y\/o ayudaban a los Se\u00f1ores; muchos acabaron ocupando <a href=\"http:\/\/blog.laveredadepuebla.com\/2009\/09\/30\/comunes-de-villa-y-tierra-ii\/\"><em><strong>cargos en la villa<\/strong><\/em><\/a>. Curas que no aspiraban a progresar,<strong> llamados de misa y olla<\/strong>, construyeron iglesias y ayudaron a fijar poblaci\u00f3n. Algunos jud\u00edos y moriscos<em> (artesanos y comerciantes)<\/em> se instalaron aqu\u00ed, a pesar de que pagaban m\u00e1s impuestos que los cristianos.<\/p>\n<p>A lo largo de la Edad Media muchos Comunes <a href=\"http:\/\/blog.laveredadepuebla.com\/2010\/11\/06\/sobre-el-comun-de%20uceda\/\"><em><strong>pasaron a la Iglesia<\/strong><\/em><\/a> y a la nobleza, pero el rey se reserv\u00f3 <a href=\"http:\/\/blog.laveredadepuebla.com\/2010\/09\/23\/el-fin-del-comun-de%C2%A0uceda\/\"><em><strong>hasta el final<\/strong> <\/em><\/a>las prerrogativas militares, monetarias, de justicia, ferias, tr\u00e1fico en v\u00edas y puentes\u2026<\/p>\n<p><em><strong>Lar-ami<\/strong><\/em><\/p>\n","protected":false},"excerpt":{"rendered":"<p>Tras la Reconquista de la Sierra Norte en el siglo XI, se repobl\u00f3 con gente del norte, creando aldeas que se organizaron en Comunes de villa y tierra, como el de Uceda. \u00bfQui\u00e9nes eran estos nuevos pobladores? El periodista Pedro Aguilar en \u201cEl Cubillo de Uceda, de aldea a villa\u201d aporta datos interesantes. La mayor\u00eda &hellip; <\/p>\n<p class=\"link-more\"><a href=\"https:\/\/blog.sierranortedeguadalajara.com\/?p=15795\" class=\"more-link\">Seguir leyendo<span class=\"screen-reader-text\"> \u00abLos primeros pobladores del Com\u00fan de Uceda\u00bb<\/span><\/a><\/p>\n","protected":false},"author":1,"featured_media":0,"comment_status":"open","ping_status":"open","sticky":false,"template":"","format":"standard","meta":{"footnotes":""},"categories":[6,9],"tags":[100,4,44,5,145],"class_list":["post-15795","post","type-post","status-publish","format-standard","hentry","category-mundo-rural","category-rincones-de-la-sierra-norte","tag-costumbres-y-tradiciones","tag-cultura","tag-edad-media","tag-historia","tag-la-ribera","entry"],"_links":{"self":[{"href":"https:\/\/blog.sierranortedeguadalajara.com\/index.php?rest_route=\/wp\/v2\/posts\/15795","targetHints":{"allow":["GET"]}}],"collection":[{"href":"https:\/\/blog.sierranortedeguadalajara.com\/index.php?rest_route=\/wp\/v2\/posts"}],"about":[{"href":"https:\/\/blog.sierranortedeguadalajara.com\/index.php?rest_route=\/wp\/v2\/types\/post"}],"author":[{"embeddable":true,"href":"https:\/\/blog.sierranortedeguadalajara.com\/index.php?rest_route=\/wp\/v2\/users\/1"}],"replies":[{"embeddable":true,"href":"https:\/\/blog.sierranortedeguadalajara.com\/index.php?rest_route=%2Fwp%2Fv2%2Fcomments&post=15795"}],"version-history":[{"count":1,"href":"https:\/\/blog.sierranortedeguadalajara.com\/index.php?rest_route=\/wp\/v2\/posts\/15795\/revisions"}],"predecessor-version":[{"id":28033,"href":"https:\/\/blog.sierranortedeguadalajara.com\/index.php?rest_route=\/wp\/v2\/posts\/15795\/revisions\/28033"}],"wp:attachment":[{"href":"https:\/\/blog.sierranortedeguadalajara.com\/index.php?rest_route=%2Fwp%2Fv2%2Fmedia&parent=15795"}],"wp:term":[{"taxonomy":"category","embeddable":true,"href":"https:\/\/blog.sierranortedeguadalajara.com\/index.php?rest_route=%2Fwp%2Fv2%2Fcategories&post=15795"},{"taxonomy":"post_tag","embeddable":true,"href":"https:\/\/blog.sierranortedeguadalajara.com\/index.php?rest_route=%2Fwp%2Fv2%2Ftags&post=15795"}],"curies":[{"name":"wp","href":"https:\/\/api.w.org\/{rel}","templated":true}]}}