{"id":15765,"date":"2015-06-05T00:05:23","date_gmt":"2015-06-04T22:05:23","guid":{"rendered":"http:\/\/blog.laveredadepuebla.com\/?p=15765"},"modified":"2023-02-10T12:18:20","modified_gmt":"2023-02-10T12:18:20","slug":"sobre-olivos-y-herbicidas","status":"publish","type":"post","link":"https:\/\/blog.sierranortedeguadalajara.com\/?p=15765","title":{"rendered":"Sobre olivos y herbicidas"},"content":{"rendered":"<p>En <a href=\"http:\/\/www.laveredadepuebla.com\/rutasypueblos.htm\"><em><strong>La Ribera<\/strong> <\/em><\/a>hubo un tiempo en que <a href=\"http:\/\/blog.laveredadepuebla.com\/2013\/02\/13\/olivos-y-aceite\/\"><em><strong>el olivar<\/strong> <\/em><\/a>se araba para airear la tierra. La llegada del tractor y de la mula mec\u00e1nica supuso un alivio, sobre todo en besanas de cierto tama\u00f1o. Muchos olivos y peque\u00f1as parcelas cayeron en el abandono por la despoblaci\u00f3n, siendo presa f\u00e1cil de zarzas y enredaderas. Los pies de los olivos se labraban con azad\u00f3n, en primavera, para evitar que la hierba se apoderase de los nutrientes del terreno.<\/p>\n<p><a href=\"https:\/\/laveredadepuebla.files.wordpress.com\/2015\/05\/150605-sobre-olivos-1.jpg\"><img loading=\"lazy\" decoding=\"async\" class=\"alignleft wp-image-15766\" src=\"https:\/\/blog.sierranortedeguadalajara.com\/wp-content\/uploads\/2023\/02\/150605-sobre-olivos-1.jpg\" alt=\"150605 sobre olivos 1\" width=\"233\" height=\"310\" \/><\/a><a href=\"https:\/\/laveredadepuebla.files.wordpress.com\/2015\/05\/150605-sobre-olivos-2.jpg\"><img loading=\"lazy\" decoding=\"async\" class=\"alignright wp-image-15767\" src=\"https:\/\/blog.sierranortedeguadalajara.com\/wp-content\/uploads\/2023\/02\/150605-sobre-olivos-2.jpg\" alt=\"150605 sobre olivos 2\" width=\"233\" height=\"310\" \/><\/a>Ahora los herbicidas sustituyen la labra del pie d\u00e1ndole un aspecto fantasmag\u00f3rico a la besana. Desconocemos hasta que punto la normativa de <a href=\"http:\/\/blog.laveredadepuebla.com\/2011\/04\/01\/parque-natural-sierra-norte-de-guadalajara\/\"><em><strong>Parque Natural que rige la Sierra Norte<\/strong> <\/em><\/a>permite y de que manera el uso de <a href=\"http:\/\/www.ehowenespanol.com\/efectos-fertilizantes-pesticidas-lista_106484\/\"><em><strong>pesticidas<\/strong><\/em><\/a>, <a href=\"http:\/\/www.infobae.com\/2014\/09\/05\/1592863-abejas-confundidas-los-efectos-negativos-los-herbicidas\"><em><strong>herbicidas<\/strong><\/em><\/a>, <a href=\"http:\/\/www.extertronic.com\/insecticidas-ecologicos.htm\"><strong><em>insecticidas<\/em><\/strong><\/a>,\u2026 en la agricultura. Tampoco tenemos criterio sobre la incidencia de esos productos en olivos centenarios.<a href=\"https:\/\/laveredadepuebla.files.wordpress.com\/2015\/05\/150605-sobre-olivos-3.jpg\"><img loading=\"lazy\" decoding=\"async\" class=\"aligncenter size-large wp-image-15768\" src=\"https:\/\/blog.sierranortedeguadalajara.com\/wp-content\/uploads\/2023\/02\/150605-sobre-olivos-3.jpg\" alt=\"150605 sobre olivos 3\" width=\"500\" height=\"375\" \/><\/a>No estamos en contra de la tecnolog\u00eda ni de los nuevos m\u00e9todos de cultivo. Solo nos preocupan sus efectos a medio\/largo plazo. Quiz\u00e1s la rentabilidad que ahora se percibe de inmediato no sea tal. <strong><em>\u00a1Y ten\u00edamos que decirlo!<\/em><\/strong><\/p>\n<p><em><strong>Lar-ami<\/strong><\/em><\/p>\n","protected":false},"excerpt":{"rendered":"<p>En La Ribera hubo un tiempo en que el olivar se araba para airear la tierra. La llegada del tractor y de la mula mec\u00e1nica supuso un alivio, sobre todo en besanas de cierto tama\u00f1o. Muchos olivos y peque\u00f1as parcelas cayeron en el abandono por la despoblaci\u00f3n, siendo presa f\u00e1cil de zarzas y enredaderas. Los &hellip; <\/p>\n<p class=\"link-more\"><a href=\"https:\/\/blog.sierranortedeguadalajara.com\/?p=15765\" class=\"more-link\">Seguir leyendo<span class=\"screen-reader-text\"> \u00abSobre olivos y herbicidas\u00bb<\/span><\/a><\/p>\n","protected":false},"author":1,"featured_media":0,"comment_status":"open","ping_status":"open","sticky":false,"template":"","format":"standard","meta":{"footnotes":""},"categories":[12],"tags":[2,145,7,10],"class_list":["post-15765","post","type-post","status-publish","format-standard","hentry","category-actualidad","tag-actualidad","tag-la-ribera","tag-naturaleza","tag-sierra-norte","entry"],"_links":{"self":[{"href":"https:\/\/blog.sierranortedeguadalajara.com\/index.php?rest_route=\/wp\/v2\/posts\/15765","targetHints":{"allow":["GET"]}}],"collection":[{"href":"https:\/\/blog.sierranortedeguadalajara.com\/index.php?rest_route=\/wp\/v2\/posts"}],"about":[{"href":"https:\/\/blog.sierranortedeguadalajara.com\/index.php?rest_route=\/wp\/v2\/types\/post"}],"author":[{"embeddable":true,"href":"https:\/\/blog.sierranortedeguadalajara.com\/index.php?rest_route=\/wp\/v2\/users\/1"}],"replies":[{"embeddable":true,"href":"https:\/\/blog.sierranortedeguadalajara.com\/index.php?rest_route=%2Fwp%2Fv2%2Fcomments&post=15765"}],"version-history":[{"count":1,"href":"https:\/\/blog.sierranortedeguadalajara.com\/index.php?rest_route=\/wp\/v2\/posts\/15765\/revisions"}],"predecessor-version":[{"id":28041,"href":"https:\/\/blog.sierranortedeguadalajara.com\/index.php?rest_route=\/wp\/v2\/posts\/15765\/revisions\/28041"}],"wp:attachment":[{"href":"https:\/\/blog.sierranortedeguadalajara.com\/index.php?rest_route=%2Fwp%2Fv2%2Fmedia&parent=15765"}],"wp:term":[{"taxonomy":"category","embeddable":true,"href":"https:\/\/blog.sierranortedeguadalajara.com\/index.php?rest_route=%2Fwp%2Fv2%2Fcategories&post=15765"},{"taxonomy":"post_tag","embeddable":true,"href":"https:\/\/blog.sierranortedeguadalajara.com\/index.php?rest_route=%2Fwp%2Fv2%2Ftags&post=15765"}],"curies":[{"name":"wp","href":"https:\/\/api.w.org\/{rel}","templated":true}]}}