{"id":15761,"date":"2015-06-04T00:05:48","date_gmt":"2015-06-03T22:05:48","guid":{"rendered":"http:\/\/blog.laveredadepuebla.com\/?p=15761"},"modified":"2023-02-10T12:18:21","modified_gmt":"2023-02-10T12:18:21","slug":"entre-jaras","status":"publish","type":"post","link":"https:\/\/blog.sierranortedeguadalajara.com\/?p=15761","title":{"rendered":"Entre jaras"},"content":{"rendered":"<p>La capacidad de colonizaci\u00f3n de la jara es proverbial, al menos en la <a href=\"http:\/\/blog.laveredadepuebla.com\/2011\/04\/01\/parque-natural-sierra-norte-de-guadalajara\/\"><em><strong>Sierra Norte<\/strong><\/em><\/a>.<a href=\"https:\/\/laveredadepuebla.files.wordpress.com\/2015\/05\/150604-entre-ja-2.jpg\"><img loading=\"lazy\" decoding=\"async\" class=\"aligncenter size-large wp-image-15762\" src=\"https:\/\/blog.sierranortedeguadalajara.com\/wp-content\/uploads\/2023\/02\/150604-entre-ja-2.jpg\" alt=\"150604 entre ja 2\" width=\"500\" height=\"375\" \/><\/a><\/p>\n<p>Crece en cualquier terreno, por muy seco \u00f3 pedregoso que sea, rodeando con respeto los \u00e1rboles que encuentra a su paso. Especialmente robles, quejigos, encinas y pinos.<a href=\"https:\/\/laveredadepuebla.files.wordpress.com\/2015\/05\/150604-entre-ja-1.jpg\"><img loading=\"lazy\" decoding=\"async\" class=\"aligncenter size-large wp-image-15763\" src=\"https:\/\/blog.sierranortedeguadalajara.com\/wp-content\/uploads\/2023\/02\/150604-entre-ja-1.jpg\" alt=\"150604 entre ja 1\" width=\"500\" height=\"375\" \/><\/a><\/p>\n<p>En junio la sierra cubre sus montes y cerros de un <a href=\"http:\/\/blog.laveredadepuebla.com\/2014\/05\/19\/las-flores-de-la-jara\/\"><em><strong>manto blanco de flores de jara<\/strong><\/em><\/a>, creando im\u00e1genes \u00fanicas. Vente a la <a href=\"http:\/\/www.serraniadeguadalajara.com\/\"><em><strong>VII ruta de la Jara<\/strong> <\/em><\/a>y lo comprobar\u00e1s.<\/p>\n<p><em><strong>Lar-ami<\/strong><\/em><\/p>\n","protected":false},"excerpt":{"rendered":"<p>La capacidad de colonizaci\u00f3n de la jara es proverbial, al menos en la Sierra Norte. Crece en cualquier terreno, por muy seco \u00f3 pedregoso que sea, rodeando con respeto los \u00e1rboles que encuentra a su paso. Especialmente robles, quejigos, encinas y pinos. En junio la sierra cubre sus montes y cerros de un manto blanco &hellip; <\/p>\n<p class=\"link-more\"><a href=\"https:\/\/blog.sierranortedeguadalajara.com\/?p=15761\" class=\"more-link\">Seguir leyendo<span class=\"screen-reader-text\"> \u00abEntre jaras\u00bb<\/span><\/a><\/p>\n","protected":false},"author":1,"featured_media":0,"comment_status":"open","ping_status":"open","sticky":false,"template":"","format":"standard","meta":{"footnotes":""},"categories":[9],"tags":[],"class_list":["post-15761","post","type-post","status-publish","format-standard","hentry","category-rincones-de-la-sierra-norte","entry"],"_links":{"self":[{"href":"https:\/\/blog.sierranortedeguadalajara.com\/index.php?rest_route=\/wp\/v2\/posts\/15761","targetHints":{"allow":["GET"]}}],"collection":[{"href":"https:\/\/blog.sierranortedeguadalajara.com\/index.php?rest_route=\/wp\/v2\/posts"}],"about":[{"href":"https:\/\/blog.sierranortedeguadalajara.com\/index.php?rest_route=\/wp\/v2\/types\/post"}],"author":[{"embeddable":true,"href":"https:\/\/blog.sierranortedeguadalajara.com\/index.php?rest_route=\/wp\/v2\/users\/1"}],"replies":[{"embeddable":true,"href":"https:\/\/blog.sierranortedeguadalajara.com\/index.php?rest_route=%2Fwp%2Fv2%2Fcomments&post=15761"}],"version-history":[{"count":1,"href":"https:\/\/blog.sierranortedeguadalajara.com\/index.php?rest_route=\/wp\/v2\/posts\/15761\/revisions"}],"predecessor-version":[{"id":28044,"href":"https:\/\/blog.sierranortedeguadalajara.com\/index.php?rest_route=\/wp\/v2\/posts\/15761\/revisions\/28044"}],"wp:attachment":[{"href":"https:\/\/blog.sierranortedeguadalajara.com\/index.php?rest_route=%2Fwp%2Fv2%2Fmedia&parent=15761"}],"wp:term":[{"taxonomy":"category","embeddable":true,"href":"https:\/\/blog.sierranortedeguadalajara.com\/index.php?rest_route=%2Fwp%2Fv2%2Fcategories&post=15761"},{"taxonomy":"post_tag","embeddable":true,"href":"https:\/\/blog.sierranortedeguadalajara.com\/index.php?rest_route=%2Fwp%2Fv2%2Ftags&post=15761"}],"curies":[{"name":"wp","href":"https:\/\/api.w.org\/{rel}","templated":true}]}}