{"id":15674,"date":"2015-06-12T00:05:35","date_gmt":"2015-06-11T22:05:35","guid":{"rendered":"http:\/\/blog.laveredadepuebla.com\/?p=15674"},"modified":"2023-02-10T12:18:17","modified_gmt":"2023-02-10T12:18:17","slug":"segregacion-de-retiendas-a-modo-de-resumen","status":"publish","type":"post","link":"https:\/\/blog.sierranortedeguadalajara.com\/?p=15674","title":{"rendered":"Segregaci\u00f3n de Retiendas, a modo de resumen\u2026"},"content":{"rendered":"<p>\u2026 queremos a\u00f1adir que desde que<a href=\"http:\/\/blog.laveredadepuebla.com\/2015\/01\/05\/la-segregacion-de-retiendas\/\"><em><strong> comenzamos a publicar<\/strong><\/em> <\/a>este hecho hist\u00f3rico acaecido en 1.818, hemos sido fieles a lo detallado en el <a href=\"http:\/\/blog.laveredadepuebla.com\/2015\/01\/08\/libro-de-actas-de-la-segregacion-de-retiendas\/\"><em><strong>libro de actas<\/strong><\/em><\/a>, a\u00f1adiendo datos que ayudaran a entender su significado. Las diferentes entradas est\u00e1n sacadas del libro <span style=\"color:#ff0000;\"><em><strong>\u201c18 d\u00edas que cambiaron el destino de Retiendas\u201d<\/strong><\/em><\/span>, un breve resumen de 36 p\u00e1ginas. <em>Si est\u00e1s interesado, manda un mail y te lo remitiremos en pdf <\/em>a la mayor brevedad posible.<em><br \/>\n<\/em><\/p>\n<p>Si bien la<a href=\"http:\/\/blog.laveredadepuebla.com\/2015\/02\/25\/real-decreto-de-independencia-de-retiendas\/\"><em><strong> segregaci\u00f3n de Retiendas<\/strong><\/em><\/a> no fue un hecho exclusivo <em>(Corteconcepci\u00f3n y Puerto Moral en Huelva, Pujerra y Pizarra en M\u00e1laga, Herv\u00e1s en C\u00e1ceres,\u2026lo consiguieron en estas fechas<\/em>), no est\u00e1n documentados con tal nivel de detalle.<\/p>\n<figure id=\"attachment_15675\" aria-describedby=\"caption-attachment-15675\" style=\"width: 500px\" class=\"wp-caption aligncenter\"><a href=\"https:\/\/laveredadepuebla.files.wordpress.com\/2015\/05\/150514-retiendas.jpg\"><img loading=\"lazy\" decoding=\"async\" class=\"size-large wp-image-15675\" src=\"https:\/\/blog.sierranortedeguadalajara.com\/wp-content\/uploads\/2023\/02\/150514-retiendas.jpg\" alt=\"Cortes\u00eda de CEHFIGU\" width=\"500\" height=\"321\" \/><\/a><figcaption id=\"caption-attachment-15675\" class=\"wp-caption-text\">Cortes\u00eda de CEHFIGU<\/figcaption><\/figure>\n<p>Las etapas est\u00e1n muy bien definidas y permitir\u00edan hacer el gui\u00f3n de una obra de teatro, en 5 actos: <em>en la corte, la llegada y primeras acciones de los enviados reales, actos en el pueblo y delimitaci\u00f3n del t\u00e9rmino, los conflictos con Tamajon y posesi\u00f3n definitiva.<\/em><\/p>\n<p>Aunque algunos estudiosos opinan que los documentos y hechos de segregaci\u00f3n del siglo XIX son similares, consideramos que la representaci\u00f3n teatral de este evento por los vecinos de <a href=\"http:\/\/www.laveredadepuebla.com\/rutasypueblos\/retiendas.pdf\"><em><strong>Retiendas<\/strong><\/em><\/a>, en su lugar natural aportar\u00eda algo m\u00e1s que un atractivo turistico.<\/p>\n<p><em><strong>Lar-ami<\/strong><\/em><\/p>\n","protected":false},"excerpt":{"rendered":"<p>\u2026 queremos a\u00f1adir que desde que comenzamos a publicar este hecho hist\u00f3rico acaecido en 1.818, hemos sido fieles a lo detallado en el libro de actas, a\u00f1adiendo datos que ayudaran a entender su significado. Las diferentes entradas est\u00e1n sacadas del libro \u201c18 d\u00edas que cambiaron el destino de Retiendas\u201d, un breve resumen de 36 p\u00e1ginas. &hellip; <\/p>\n<p class=\"link-more\"><a href=\"https:\/\/blog.sierranortedeguadalajara.com\/?p=15674\" class=\"more-link\">Seguir leyendo<span class=\"screen-reader-text\"> \u00abSegregaci\u00f3n de Retiendas, a modo de resumen\u2026\u00bb<\/span><\/a><\/p>\n","protected":false},"author":1,"featured_media":0,"comment_status":"open","ping_status":"open","sticky":false,"template":"","format":"standard","meta":{"footnotes":""},"categories":[6,9],"tags":[4,5,34,18,21],"class_list":["post-15674","post","type-post","status-publish","format-standard","hentry","category-mundo-rural","category-rincones-de-la-sierra-norte","tag-cultura","tag-historia","tag-retiendas","tag-siglo-xix","tag-tamajon","entry"],"_links":{"self":[{"href":"https:\/\/blog.sierranortedeguadalajara.com\/index.php?rest_route=\/wp\/v2\/posts\/15674","targetHints":{"allow":["GET"]}}],"collection":[{"href":"https:\/\/blog.sierranortedeguadalajara.com\/index.php?rest_route=\/wp\/v2\/posts"}],"about":[{"href":"https:\/\/blog.sierranortedeguadalajara.com\/index.php?rest_route=\/wp\/v2\/types\/post"}],"author":[{"embeddable":true,"href":"https:\/\/blog.sierranortedeguadalajara.com\/index.php?rest_route=\/wp\/v2\/users\/1"}],"replies":[{"embeddable":true,"href":"https:\/\/blog.sierranortedeguadalajara.com\/index.php?rest_route=%2Fwp%2Fv2%2Fcomments&post=15674"}],"version-history":[{"count":1,"href":"https:\/\/blog.sierranortedeguadalajara.com\/index.php?rest_route=\/wp\/v2\/posts\/15674\/revisions"}],"predecessor-version":[{"id":28025,"href":"https:\/\/blog.sierranortedeguadalajara.com\/index.php?rest_route=\/wp\/v2\/posts\/15674\/revisions\/28025"}],"wp:attachment":[{"href":"https:\/\/blog.sierranortedeguadalajara.com\/index.php?rest_route=%2Fwp%2Fv2%2Fmedia&parent=15674"}],"wp:term":[{"taxonomy":"category","embeddable":true,"href":"https:\/\/blog.sierranortedeguadalajara.com\/index.php?rest_route=%2Fwp%2Fv2%2Fcategories&post=15674"},{"taxonomy":"post_tag","embeddable":true,"href":"https:\/\/blog.sierranortedeguadalajara.com\/index.php?rest_route=%2Fwp%2Fv2%2Ftags&post=15674"}],"curies":[{"name":"wp","href":"https:\/\/api.w.org\/{rel}","templated":true}]}}