{"id":15577,"date":"2015-04-23T00:05:09","date_gmt":"2015-04-22T22:05:09","guid":{"rendered":"http:\/\/blog.laveredadepuebla.com\/?p=15577"},"modified":"2023-02-10T12:18:42","modified_gmt":"2023-02-10T12:18:42","slug":"retiendas-y-su-padron-de-habitantes-en-1-818","status":"publish","type":"post","link":"https:\/\/blog.sierranortedeguadalajara.com\/?p=15577","title":{"rendered":"Retiendas y su padr\u00f3n de habitantes en 1.818"},"content":{"rendered":"<p><a href=\"http:\/\/blog.laveredadepuebla.com\/2015\/01\/16\/protagonistas-de-la-segregacion-de-retiendas\/\"><em><strong>D. Jos\u00e9 Riegas<\/strong> <\/em><\/a>requiri\u00f3 a los <a href=\"http:\/\/blog.laveredadepuebla.com\/2015\/01\/12\/actores-de-la-segregacion-de-retiendas\/\"><strong><em>alcaldes de Retiendas<\/em><\/strong><\/a> el 13 de julio para que entregasen el<strong> padr\u00f3n de vecindario<\/strong> de la villa. El <a href=\"http:\/\/blog.laveredadepuebla.com\/2015\/01\/08\/libro-de-actas-de-la-segregacion-de-retiendas\/\"><em><strong>escribano lo di\u00f3 por recibido<\/strong><\/em><\/a> al d\u00eda siguiente, con detalle de vecinos y habitantes casa por casa, seg\u00fan el <span style=\"text-decoration:underline;\"><em>empadronamiento realizado para el pago de la \u00faltima contribuci\u00f3n.<\/em><\/span><\/p>\n<p>Seg\u00fan e<a href=\"http:\/\/blog.laveredadepuebla.com\/2015\/01\/08\/libro-de-actas-de-la-segregacion-de-retiendas\/\"><em><strong>l libro de actas<\/strong><\/em><\/a>, que recoge este padr\u00f3n, <a href=\"http:\/\/www.laveredadepuebla.com\/rutasypueblos\/retiendas.pdf\"><em><strong>Retiendas<\/strong> <\/em><\/a>ten\u00eda 61 vecinos, con 241 personas en total, incluidos 95 ni\u00f1os menores de 14 a\u00f1os. Se consideran tres barrios: <em>Iglesia abajo hasta la Callejuela<\/em>, <em>barrio de arriba hasta la iglesia<\/em> y <em>callejuela hasta el puente<\/em>.<a href=\"https:\/\/laveredadepuebla.files.wordpress.com\/2015\/04\/150423-padron-retiendas.jpg\"><img loading=\"lazy\" decoding=\"async\" class=\"alignright size-medium wp-image-15579\" src=\"https:\/\/blog.sierranortedeguadalajara.com\/wp-content\/uploads\/2023\/02\/150423-padron-retiendas.jpg\" alt=\"150423  Padron Retiendas\" width=\"225\" height=\"300\" \/><\/a><\/p>\n<p>El 18 de julio el juez orden\u00f3 que se <span style=\"text-decoration:underline;\"><em>forme el vecindario<\/em><\/span>, como dicta <a href=\"http:\/\/blog.laveredadepuebla.com\/2015\/03\/04\/cedula-real-para-la-independencia-de-retiendas\/\"><strong><em>la real c\u00e9dula.<\/em> <\/strong><\/a>Se comenz\u00f3 al d\u00eda siguiente <em>(el domingo fue habilitado)<\/em>, por el mismo lugar y con el mismo orden. Se termina el 19 de julio y los alcaldes firmaron ante el juez que se hab\u00eda ejecutado bien, sin fraude ni falta.<\/p>\n<p>El mismo d\u00eda, en presencia de los ejecutantes del padr\u00f3n, el juez hizo cotejo con el anterior vecindario, detectando que faltaban cuatro vecinos <em>(el <a href=\"http:\/\/blog.laveredadepuebla.com\/2015\/02\/25\/real-decreto-de-independencia-de-retiendas\/\"><strong>pago al rey<\/strong> <\/a>por la independencia se calculaba por n\u00famero de vecinos<\/em>). Los alcaldes justificaron que dos de ellos viv\u00edan con sus padres, uno fue olvido natural y el cuarto no resid\u00eda en el pueblo.<\/p>\n<p><em><strong>Lar-ami<\/strong><\/em><\/p>\n","protected":false},"excerpt":{"rendered":"<p>D. Jos\u00e9 Riegas requiri\u00f3 a los alcaldes de Retiendas el 13 de julio para que entregasen el padr\u00f3n de vecindario de la villa. El escribano lo di\u00f3 por recibido al d\u00eda siguiente, con detalle de vecinos y habitantes casa por casa, seg\u00fan el empadronamiento realizado para el pago de la \u00faltima contribuci\u00f3n. Seg\u00fan el libro &hellip; <\/p>\n<p class=\"link-more\"><a href=\"https:\/\/blog.sierranortedeguadalajara.com\/?p=15577\" class=\"more-link\">Seguir leyendo<span class=\"screen-reader-text\"> \u00abRetiendas y su padr\u00f3n de habitantes en 1.818\u00bb<\/span><\/a><\/p>\n","protected":false},"author":1,"featured_media":0,"comment_status":"open","ping_status":"open","sticky":false,"template":"","format":"standard","meta":{"footnotes":""},"categories":[9],"tags":[4,5,34,18,21],"class_list":["post-15577","post","type-post","status-publish","format-standard","hentry","category-rincones-de-la-sierra-norte","tag-cultura","tag-historia","tag-retiendas","tag-siglo-xix","tag-tamajon","entry"],"_links":{"self":[{"href":"https:\/\/blog.sierranortedeguadalajara.com\/index.php?rest_route=\/wp\/v2\/posts\/15577","targetHints":{"allow":["GET"]}}],"collection":[{"href":"https:\/\/blog.sierranortedeguadalajara.com\/index.php?rest_route=\/wp\/v2\/posts"}],"about":[{"href":"https:\/\/blog.sierranortedeguadalajara.com\/index.php?rest_route=\/wp\/v2\/types\/post"}],"author":[{"embeddable":true,"href":"https:\/\/blog.sierranortedeguadalajara.com\/index.php?rest_route=\/wp\/v2\/users\/1"}],"replies":[{"embeddable":true,"href":"https:\/\/blog.sierranortedeguadalajara.com\/index.php?rest_route=%2Fwp%2Fv2%2Fcomments&post=15577"}],"version-history":[{"count":1,"href":"https:\/\/blog.sierranortedeguadalajara.com\/index.php?rest_route=\/wp\/v2\/posts\/15577\/revisions"}],"predecessor-version":[{"id":28135,"href":"https:\/\/blog.sierranortedeguadalajara.com\/index.php?rest_route=\/wp\/v2\/posts\/15577\/revisions\/28135"}],"wp:attachment":[{"href":"https:\/\/blog.sierranortedeguadalajara.com\/index.php?rest_route=%2Fwp%2Fv2%2Fmedia&parent=15577"}],"wp:term":[{"taxonomy":"category","embeddable":true,"href":"https:\/\/blog.sierranortedeguadalajara.com\/index.php?rest_route=%2Fwp%2Fv2%2Fcategories&post=15577"},{"taxonomy":"post_tag","embeddable":true,"href":"https:\/\/blog.sierranortedeguadalajara.com\/index.php?rest_route=%2Fwp%2Fv2%2Ftags&post=15577"}],"curies":[{"name":"wp","href":"https:\/\/api.w.org\/{rel}","templated":true}]}}