{"id":15573,"date":"2015-04-22T00:05:53","date_gmt":"2015-04-21T22:05:53","guid":{"rendered":"http:\/\/blog.laveredadepuebla.com\/?p=15573"},"modified":"2023-02-10T12:18:42","modified_gmt":"2023-02-10T12:18:42","slug":"los-primeros-colores-de-la-primavera","status":"publish","type":"post","link":"https:\/\/blog.sierranortedeguadalajara.com\/?p=15573","title":{"rendered":"Los primeros colores de la primavera"},"content":{"rendered":"<p><a href=\"https:\/\/laveredadepuebla.files.wordpress.com\/2015\/04\/150422-prima-1.jpg\"><img loading=\"lazy\" decoding=\"async\" class=\"aligncenter size-large wp-image-15574\" src=\"https:\/\/blog.sierranortedeguadalajara.com\/wp-content\/uploads\/2023\/02\/150422-prima-1.jpg\" alt=\"150422 prima 1\" width=\"500\" height=\"375\" \/><\/a><a href=\"https:\/\/laveredadepuebla.files.wordpress.com\/2015\/04\/150422-prima-2.jpg\"><img loading=\"lazy\" decoding=\"async\" class=\"alignleft size-medium wp-image-15575\" src=\"https:\/\/blog.sierranortedeguadalajara.com\/wp-content\/uploads\/2023\/02\/150422-prima-2.jpg\" alt=\"150422 prima 2\" width=\"300\" height=\"225\" \/><\/a>Apenas hemos comenzado la estaci\u00f3n y el <a href=\"http:\/\/blog.laveredadepuebla.com\/2011\/03\/21\/contraste-de-colores\/\"><strong><em>contraste de colores<\/em><\/strong><\/a>, habitual en la<a href=\"http:\/\/blog.laveredadepuebla.com\/2011\/04\/01\/parque-natural-sierra-norte-de-guadalajara\/\"><em><strong> Sierra Norte<\/strong><\/em><\/a>, aparece reforzado. A los habituales rojos y verdes, se suman blancos, amarillos, violetas,\u2026<\/p>\n<p>Todo un caleidoscopio que adquiere su mayor belleza en los d\u00edas luminosos de esa primavera que a\u00fan nos sorprende por su caprichosa climatolog\u00eda. Que sorprende y favorece la aparici\u00f3n de esos productos silvestres que nos apasionan.<\/p>\n<p><em><strong>Lar-ami<\/strong><\/em><\/p>\n","protected":false},"excerpt":{"rendered":"<p>Apenas hemos comenzado la estaci\u00f3n y el contraste de colores, habitual en la Sierra Norte, aparece reforzado. A los habituales rojos y verdes, se suman blancos, amarillos, violetas,\u2026 Todo un caleidoscopio que adquiere su mayor belleza en los d\u00edas luminosos de esa primavera que a\u00fan nos sorprende por su caprichosa climatolog\u00eda. Que sorprende y favorece &hellip; <\/p>\n<p class=\"link-more\"><a href=\"https:\/\/blog.sierranortedeguadalajara.com\/?p=15573\" class=\"more-link\">Seguir leyendo<span class=\"screen-reader-text\"> \u00abLos primeros colores de la primavera\u00bb<\/span><\/a><\/p>\n","protected":false},"author":1,"featured_media":0,"comment_status":"open","ping_status":"open","sticky":false,"template":"","format":"standard","meta":{"footnotes":""},"categories":[12],"tags":[2,7,10],"class_list":["post-15573","post","type-post","status-publish","format-standard","hentry","category-actualidad","tag-actualidad","tag-naturaleza","tag-sierra-norte","entry"],"_links":{"self":[{"href":"https:\/\/blog.sierranortedeguadalajara.com\/index.php?rest_route=\/wp\/v2\/posts\/15573","targetHints":{"allow":["GET"]}}],"collection":[{"href":"https:\/\/blog.sierranortedeguadalajara.com\/index.php?rest_route=\/wp\/v2\/posts"}],"about":[{"href":"https:\/\/blog.sierranortedeguadalajara.com\/index.php?rest_route=\/wp\/v2\/types\/post"}],"author":[{"embeddable":true,"href":"https:\/\/blog.sierranortedeguadalajara.com\/index.php?rest_route=\/wp\/v2\/users\/1"}],"replies":[{"embeddable":true,"href":"https:\/\/blog.sierranortedeguadalajara.com\/index.php?rest_route=%2Fwp%2Fv2%2Fcomments&post=15573"}],"version-history":[{"count":1,"href":"https:\/\/blog.sierranortedeguadalajara.com\/index.php?rest_route=\/wp\/v2\/posts\/15573\/revisions"}],"predecessor-version":[{"id":28138,"href":"https:\/\/blog.sierranortedeguadalajara.com\/index.php?rest_route=\/wp\/v2\/posts\/15573\/revisions\/28138"}],"wp:attachment":[{"href":"https:\/\/blog.sierranortedeguadalajara.com\/index.php?rest_route=%2Fwp%2Fv2%2Fmedia&parent=15573"}],"wp:term":[{"taxonomy":"category","embeddable":true,"href":"https:\/\/blog.sierranortedeguadalajara.com\/index.php?rest_route=%2Fwp%2Fv2%2Fcategories&post=15573"},{"taxonomy":"post_tag","embeddable":true,"href":"https:\/\/blog.sierranortedeguadalajara.com\/index.php?rest_route=%2Fwp%2Fv2%2Ftags&post=15573"}],"curies":[{"name":"wp","href":"https:\/\/api.w.org\/{rel}","templated":true}]}}