{"id":15569,"date":"2015-04-21T00:05:45","date_gmt":"2015-04-20T22:05:45","guid":{"rendered":"http:\/\/blog.laveredadepuebla.com\/?p=15569"},"modified":"2023-02-10T12:18:43","modified_gmt":"2023-02-10T12:18:43","slug":"xvii-mercado-medieval-de-tamajon","status":"publish","type":"post","link":"https:\/\/blog.sierranortedeguadalajara.com\/?p=15569","title":{"rendered":"XVII Mercado medieval de Tamaj\u00f3n"},"content":{"rendered":"<p>Alfonso X el Sabio concedi\u00f3 a Tamaj\u00f3n en 1.259 el<a href=\"http:\/\/laveredadepuebla.wordpress.com\/2010\/05\/04\/mercado-medieval-de%20tamajon\"><strong><em> \u201cderecho de mercado todos los martes del a\u00f1o\u201d<\/em><\/strong><\/a> en carta que se conserva en el archivo municipal. Desde que se recuper\u00f3 el evento en 1.999, el Mercado Medieval se celebra en los primeros d\u00edas de mayo (del 1 al 3).<\/p>\n<p><a href=\"https:\/\/laveredadepuebla.files.wordpress.com\/2015\/04\/150421-mercado-medieval-tamajon.jpg\"><img loading=\"lazy\" decoding=\"async\" class=\"alignright size-large wp-image-15570\" src=\"https:\/\/blog.sierranortedeguadalajara.com\/wp-content\/uploads\/2023\/02\/150421-mercado-medieval-tamajon.jpg\" alt=\"150421 Mercado medieval Tamajon\" width=\"500\" height=\"857\" \/><\/a>Este a\u00f1o se celebrar\u00e1 su XVII edici\u00f3n, con <a href=\"http:\/\/blog.laveredadepuebla.com\/2012\/04\/24\/mercado-medieval-de-tamajon-2-012\/\"><em><strong>multitud de actividades<\/strong> <\/em><\/a>que comienzan el viernes a la noche y finalizan domingo por la tarde. As\u00ed, poco a poco, va recuperando la<a href=\"http:\/\/blog.laveredadepuebla.com\/2013\/03\/21\/la-feria-de-tamajon-3\/\"><em><strong> importancia y esplendor<\/strong> <\/em><\/a>que tuvo en el pasado. Lo iremos contando en los pr\u00f3ximos d\u00edas.<\/p>\n<p><em><strong>Lar-ami<\/strong><\/em><\/p>\n","protected":false},"excerpt":{"rendered":"<p>Alfonso X el Sabio concedi\u00f3 a Tamaj\u00f3n en 1.259 el \u201cderecho de mercado todos los martes del a\u00f1o\u201d en carta que se conserva en el archivo municipal. Desde que se recuper\u00f3 el evento en 1.999, el Mercado Medieval se celebra en los primeros d\u00edas de mayo (del 1 al 3). Este a\u00f1o se celebrar\u00e1 su &hellip; <\/p>\n<p class=\"link-more\"><a href=\"https:\/\/blog.sierranortedeguadalajara.com\/?p=15569\" class=\"more-link\">Seguir leyendo<span class=\"screen-reader-text\"> \u00abXVII Mercado medieval de Tamaj\u00f3n\u00bb<\/span><\/a><\/p>\n","protected":false},"author":1,"featured_media":0,"comment_status":"open","ping_status":"open","sticky":false,"template":"","format":"standard","meta":{"footnotes":""},"categories":[12,3,9],"tags":[2,44,145,7,21],"class_list":["post-15569","post","type-post","status-publish","format-standard","hentry","category-actualidad","category-costumbres-y-tradiciones","category-rincones-de-la-sierra-norte","tag-actualidad","tag-edad-media","tag-la-ribera","tag-naturaleza","tag-tamajon","entry"],"_links":{"self":[{"href":"https:\/\/blog.sierranortedeguadalajara.com\/index.php?rest_route=\/wp\/v2\/posts\/15569","targetHints":{"allow":["GET"]}}],"collection":[{"href":"https:\/\/blog.sierranortedeguadalajara.com\/index.php?rest_route=\/wp\/v2\/posts"}],"about":[{"href":"https:\/\/blog.sierranortedeguadalajara.com\/index.php?rest_route=\/wp\/v2\/types\/post"}],"author":[{"embeddable":true,"href":"https:\/\/blog.sierranortedeguadalajara.com\/index.php?rest_route=\/wp\/v2\/users\/1"}],"replies":[{"embeddable":true,"href":"https:\/\/blog.sierranortedeguadalajara.com\/index.php?rest_route=%2Fwp%2Fv2%2Fcomments&post=15569"}],"version-history":[{"count":1,"href":"https:\/\/blog.sierranortedeguadalajara.com\/index.php?rest_route=\/wp\/v2\/posts\/15569\/revisions"}],"predecessor-version":[{"id":28140,"href":"https:\/\/blog.sierranortedeguadalajara.com\/index.php?rest_route=\/wp\/v2\/posts\/15569\/revisions\/28140"}],"wp:attachment":[{"href":"https:\/\/blog.sierranortedeguadalajara.com\/index.php?rest_route=%2Fwp%2Fv2%2Fmedia&parent=15569"}],"wp:term":[{"taxonomy":"category","embeddable":true,"href":"https:\/\/blog.sierranortedeguadalajara.com\/index.php?rest_route=%2Fwp%2Fv2%2Fcategories&post=15569"},{"taxonomy":"post_tag","embeddable":true,"href":"https:\/\/blog.sierranortedeguadalajara.com\/index.php?rest_route=%2Fwp%2Fv2%2Ftags&post=15569"}],"curies":[{"name":"wp","href":"https:\/\/api.w.org\/{rel}","templated":true}]}}