{"id":15546,"date":"2015-04-15T00:05:22","date_gmt":"2015-04-14T22:05:22","guid":{"rendered":"http:\/\/blog.laveredadepuebla.com\/?p=15546"},"modified":"2023-02-10T12:18:45","modified_gmt":"2023-02-10T12:18:45","slug":"deslinde-de-retiendas-con-tamajon-ii","status":"publish","type":"post","link":"https:\/\/blog.sierranortedeguadalajara.com\/?p=15546","title":{"rendered":"Deslinde de Retiendas con Tamaj\u00f3n II"},"content":{"rendered":"<p>El <a href=\"http:\/\/blog.laveredadepuebla.com\/2015\/01\/16\/protagonistas-de-la-segregacion-de-retiendas\/\"><em><strong>Concejo de Tamaj\u00f3n<\/strong> <\/em><\/a>dice que los \u00e1rbitros hab\u00edan acordado que <em>\u201cla l\u00ednea divisoria siga y quede por los l\u00edmites y sitios que en 1.813 quedaron fijados de mutuo acuerdo, con algunas alteraciones (se detallan los 35 mojones)\u201d<\/em>. Y lo presenta al juez para su aprobaci\u00f3n. Que tras la conformidad de ambas villas, se d\u00e9 por hecho el deslinde y se fije.<\/p>\n<p><a href=\"http:\/\/www.laveredadepuebla.com\/rutasypueblos\/retiendas.pdf\"><strong><em>Retiendas<\/em> <\/strong><\/a>acept\u00f3 el acuerdo con algunas reticencias:<em>\u201d han convenido los sitios por donde debe girar la l\u00ednea divisoria, que en su mayor parte es la que han tenido en tiempo de la <a href=\"http:\/\/es.wikipedia.org\/wiki\/Constituci%C3%B3n_espa%C3%B1ola_de_1812\"><strong>llamada Constituci\u00f3n<\/strong><\/a> (La Pepa). Solicitan que <a href=\"http:\/\/www.laveredadepuebla.com\/rutasypueblos\/tamajon.pdf\"><strong>Tamaj\u00f3n<\/strong><\/a> exhibiera el expediente de divisi\u00f3n citado y se presente informaci\u00f3n sumaria de testigos que expresen por donde iba la mojonera, ya que, \u201ccon la abolici\u00f3n de la Constituci\u00f3n, los vecinos de Tamajon arrancaron todos los mojones y no quedan se\u00f1ales de ellos\u201d.<\/em><\/p>\n<p><a href=\"https:\/\/laveredadepuebla.files.wordpress.com\/2015\/04\/150415-deslinde-tamajon-ii.jpg\"><img loading=\"lazy\" decoding=\"async\" class=\"alignright size-medium wp-image-15547\" src=\"https:\/\/blog.sierranortedeguadalajara.com\/wp-content\/uploads\/2023\/02\/150415-deslinde-tamajon-ii.jpg\" alt=\"150415 Deslinde Tamajon II\" width=\"300\" height=\"221\" \/><\/a>Tras la <a href=\"http:\/\/blog.laveredadepuebla.com\/2015\/01\/08\/libro-de-actas-de-la-segregacion-de-retiendas\/\"><em><strong>conformidad de las partes<\/strong><\/em><\/a>, el juez orden\u00f3 que se recoja informaci\u00f3n de los testigos y se proceda al reconocimiento y amojonamiento de este t\u00e9rmino jurisdiccional, que deber\u00e1 ser ejecutado por los peritos, azadoneros y picapedreros nombrados por Retiendas y Tamajon.<\/p>\n<p>As\u00ed se hizo el 18 de julio y se colocaron de mutuo acuerdo 34 mojones, desde la Tajada hasta Navaluenga, donde estaba el moj\u00f3n que delimitaba Tamajon, <a href=\"http:\/\/www.laveredadepuebla.com\/rutasypueblos\/sacedoncillo.pdf\"><strong><em>Sacedoncillo<\/em><\/strong><\/a> y Retiendas. Aqu\u00ed concluy\u00f3 el t\u00e9rmino divisorio de la villa de Retiendas entre ambas villas, cuyos alcaldes firmaron en se\u00f1al de conformidad.<\/p>\n<p>El <a href=\"http:\/\/blog.laveredadepuebla.com\/2015\/01\/12\/actores-de-la-segregacion-de-retiendas\/\"><em><strong>juez<\/strong> <\/em><\/a>dio posesi\u00f3n del t\u00e9rmino a los alcaldes, que la recibieron pac\u00edficamente. <strong><em>\u201cY en se\u00f1al de ello tomaron varios pu\u00f1ados de tierra que esparcieron en el aire en presencia de todos los concurrentes\u201d<\/em><\/strong><\/p>\n<p><em><strong>Lar-ami<\/strong><\/em><\/p>\n","protected":false},"excerpt":{"rendered":"<p>El Concejo de Tamaj\u00f3n dice que los \u00e1rbitros hab\u00edan acordado que \u201cla l\u00ednea divisoria siga y quede por los l\u00edmites y sitios que en 1.813 quedaron fijados de mutuo acuerdo, con algunas alteraciones (se detallan los 35 mojones)\u201d. Y lo presenta al juez para su aprobaci\u00f3n. Que tras la conformidad de ambas villas, se d\u00e9 &hellip; <\/p>\n<p class=\"link-more\"><a href=\"https:\/\/blog.sierranortedeguadalajara.com\/?p=15546\" class=\"more-link\">Seguir leyendo<span class=\"screen-reader-text\"> \u00abDeslinde de Retiendas con Tamaj\u00f3n II\u00bb<\/span><\/a><\/p>\n","protected":false},"author":1,"featured_media":0,"comment_status":"open","ping_status":"open","sticky":false,"template":"","format":"standard","meta":{"footnotes":""},"categories":[9],"tags":[4,5,34,193,18,21],"class_list":["post-15546","post","type-post","status-publish","format-standard","hentry","category-rincones-de-la-sierra-norte","tag-cultura","tag-historia","tag-retiendas","tag-sacedoncillo","tag-siglo-xix","tag-tamajon","entry"],"_links":{"self":[{"href":"https:\/\/blog.sierranortedeguadalajara.com\/index.php?rest_route=\/wp\/v2\/posts\/15546","targetHints":{"allow":["GET"]}}],"collection":[{"href":"https:\/\/blog.sierranortedeguadalajara.com\/index.php?rest_route=\/wp\/v2\/posts"}],"about":[{"href":"https:\/\/blog.sierranortedeguadalajara.com\/index.php?rest_route=\/wp\/v2\/types\/post"}],"author":[{"embeddable":true,"href":"https:\/\/blog.sierranortedeguadalajara.com\/index.php?rest_route=\/wp\/v2\/users\/1"}],"replies":[{"embeddable":true,"href":"https:\/\/blog.sierranortedeguadalajara.com\/index.php?rest_route=%2Fwp%2Fv2%2Fcomments&post=15546"}],"version-history":[{"count":1,"href":"https:\/\/blog.sierranortedeguadalajara.com\/index.php?rest_route=\/wp\/v2\/posts\/15546\/revisions"}],"predecessor-version":[{"id":28151,"href":"https:\/\/blog.sierranortedeguadalajara.com\/index.php?rest_route=\/wp\/v2\/posts\/15546\/revisions\/28151"}],"wp:attachment":[{"href":"https:\/\/blog.sierranortedeguadalajara.com\/index.php?rest_route=%2Fwp%2Fv2%2Fmedia&parent=15546"}],"wp:term":[{"taxonomy":"category","embeddable":true,"href":"https:\/\/blog.sierranortedeguadalajara.com\/index.php?rest_route=%2Fwp%2Fv2%2Fcategories&post=15546"},{"taxonomy":"post_tag","embeddable":true,"href":"https:\/\/blog.sierranortedeguadalajara.com\/index.php?rest_route=%2Fwp%2Fv2%2Ftags&post=15546"}],"curies":[{"name":"wp","href":"https:\/\/api.w.org\/{rel}","templated":true}]}}