{"id":15540,"date":"2015-04-14T00:05:29","date_gmt":"2015-04-13T22:05:29","guid":{"rendered":"http:\/\/blog.laveredadepuebla.com\/?p=15540"},"modified":"2023-02-10T12:18:45","modified_gmt":"2023-02-10T12:18:45","slug":"deslinde-de-retiendas-con-tamajon","status":"publish","type":"post","link":"https:\/\/blog.sierranortedeguadalajara.com\/?p=15540","title":{"rendered":"Deslinde de Retiendas con Tamaj\u00f3n"},"content":{"rendered":"<p>El 13 de julio de 1.818 el <a href=\"http:\/\/blog.laveredadepuebla.com\/2015\/01\/12\/actores-de-la-segregacion-de-retiendas\/\"><strong><em>juez Riegas<\/em> <\/strong><\/a>intent\u00f3 que el deslinde fuese de mutuo acuerdo. Ambos lugares aceptaron, nombrando<a href=\"http:\/\/www.laveredadepuebla.com\/rutasypueblos\/tamajon.pdf\"><em><strong> Tamaj\u00f3n<\/strong> <\/em><\/a>como \u00e1rbitro al <span style=\"text-decoration:underline;\">abogado<\/span><em> D. Vicente Gamo y Mont\u00fafar<\/em> y <a href=\"http:\/\/www.laveredadepuebla.com\/rutasypueblos\/retiendas.pdf\"><strong><em>Retiendas<\/em> <\/strong><\/a>al <span style=\"text-decoration:underline;\">capell\u00e1n<\/span> <em>D. Santos Santa-Mar\u00eda<\/em>. Tamaj\u00f3n propuso como v\u00e1lido el deslinde acordado el 24 de julio de 1.813, que Retiendas no acept\u00f3, porque entend\u00eda que le correspond\u00eda m\u00e1s t\u00e9rmino. En un <a href=\"http:\/\/www.laveredadepuebla.com\/rutasypueblos\/retiendas.pdf\"><em><strong>tono arrogante<\/strong><\/em><\/a>, Tamaj\u00f3n comunica al juez que suspenden el acuerdo y le solicitan <em>\u201cprocediese como convenga, pero teniendo presente el deslinde de 1.813\u201d.<a href=\"https:\/\/laveredadepuebla.files.wordpress.com\/2015\/04\/150414-deslinde-tamajon-i.jpg\"><img loading=\"lazy\" decoding=\"async\" class=\"alignright size-medium wp-image-15541\" src=\"https:\/\/blog.sierranortedeguadalajara.com\/wp-content\/uploads\/2023\/02\/150414-deslinde-tamajon-i.jpg\" alt=\"150414 Deslinde Tamajon I\" width=\"270\" height=\"300\" \/><\/a><\/em><\/p>\n<p>La reacci\u00f3n de D. Jos\u00e9 Riegas fue contundente. Orden\u00f3 que <em>\u201cen el plazo de 3 d\u00edas se presente <strong>agrimensor competente<\/strong> de cada villa para que procedan al deslinde. Comenzar\u00e1n al d\u00eda siguiente, 15 de julio, a las 6,00 h en Navaluenga, para lo que se habilitan las noches\u00bb.<\/em><\/p>\n<p>En un <a href=\"http:\/\/blog.laveredadepuebla.com\/2015\/01\/08\/libro-de-actas-de-la-segregacion-de-retiendas\/\"><strong><em>tono humilde<\/em> <\/strong><\/a>Tamaj\u00f3n respondi\u00f3 que <em>no hay agrimensor en la villa y que se har\u00e1n diligencias para buscarle. Que las mojoneras se pueden hacer con los documentos que tiene esta villa y que hasta ahora no reconoc\u00edan otra jurisdicci\u00f3n que la Tamaj\u00f3n<\/em>. Retoman los \u00e1rbitros nombrados al efecto, D. Vicente y D. Santos, para que realicen la mojonera desde el alto de los collados hasta el Jarama esa misma tarde.<\/p>\n<p><strong><em>Lar-ami<\/em><\/strong><\/p>\n","protected":false},"excerpt":{"rendered":"<p>El 13 de julio de 1.818 el juez Riegas intent\u00f3 que el deslinde fuese de mutuo acuerdo. Ambos lugares aceptaron, nombrando Tamaj\u00f3n como \u00e1rbitro al abogado D. Vicente Gamo y Mont\u00fafar y Retiendas al capell\u00e1n D. Santos Santa-Mar\u00eda. Tamaj\u00f3n propuso como v\u00e1lido el deslinde acordado el 24 de julio de 1.813, que Retiendas no acept\u00f3, &hellip; <\/p>\n<p class=\"link-more\"><a href=\"https:\/\/blog.sierranortedeguadalajara.com\/?p=15540\" class=\"more-link\">Seguir leyendo<span class=\"screen-reader-text\"> \u00abDeslinde de Retiendas con Tamaj\u00f3n\u00bb<\/span><\/a><\/p>\n","protected":false},"author":1,"featured_media":0,"comment_status":"open","ping_status":"open","sticky":false,"template":"","format":"standard","meta":{"footnotes":""},"categories":[9],"tags":[4,5,34,18,21],"class_list":["post-15540","post","type-post","status-publish","format-standard","hentry","category-rincones-de-la-sierra-norte","tag-cultura","tag-historia","tag-retiendas","tag-siglo-xix","tag-tamajon","entry"],"_links":{"self":[{"href":"https:\/\/blog.sierranortedeguadalajara.com\/index.php?rest_route=\/wp\/v2\/posts\/15540","targetHints":{"allow":["GET"]}}],"collection":[{"href":"https:\/\/blog.sierranortedeguadalajara.com\/index.php?rest_route=\/wp\/v2\/posts"}],"about":[{"href":"https:\/\/blog.sierranortedeguadalajara.com\/index.php?rest_route=\/wp\/v2\/types\/post"}],"author":[{"embeddable":true,"href":"https:\/\/blog.sierranortedeguadalajara.com\/index.php?rest_route=\/wp\/v2\/users\/1"}],"replies":[{"embeddable":true,"href":"https:\/\/blog.sierranortedeguadalajara.com\/index.php?rest_route=%2Fwp%2Fv2%2Fcomments&post=15540"}],"version-history":[{"count":1,"href":"https:\/\/blog.sierranortedeguadalajara.com\/index.php?rest_route=\/wp\/v2\/posts\/15540\/revisions"}],"predecessor-version":[{"id":28153,"href":"https:\/\/blog.sierranortedeguadalajara.com\/index.php?rest_route=\/wp\/v2\/posts\/15540\/revisions\/28153"}],"wp:attachment":[{"href":"https:\/\/blog.sierranortedeguadalajara.com\/index.php?rest_route=%2Fwp%2Fv2%2Fmedia&parent=15540"}],"wp:term":[{"taxonomy":"category","embeddable":true,"href":"https:\/\/blog.sierranortedeguadalajara.com\/index.php?rest_route=%2Fwp%2Fv2%2Fcategories&post=15540"},{"taxonomy":"post_tag","embeddable":true,"href":"https:\/\/blog.sierranortedeguadalajara.com\/index.php?rest_route=%2Fwp%2Fv2%2Ftags&post=15540"}],"curies":[{"name":"wp","href":"https:\/\/api.w.org\/{rel}","templated":true}]}}