{"id":15223,"date":"2015-02-02T00:05:04","date_gmt":"2015-02-01T23:05:04","guid":{"rendered":"http:\/\/blog.laveredadepuebla.com\/?p=15223"},"modified":"2023-02-10T12:19:35","modified_gmt":"2023-02-10T12:19:35","slug":"tamajon-se-opone-a-la-segregacion-de-retiendas","status":"publish","type":"post","link":"https:\/\/blog.sierranortedeguadalajara.com\/?p=15223","title":{"rendered":"Tamaj\u00f3n se opone a la segregaci\u00f3n de Retiendas"},"content":{"rendered":"<p>La <a href=\"http:\/\/blog.laveredadepuebla.com\/2015\/01\/28\/retiendas-solicita-el-villazgo\/\"><em><strong>solicitud de Retiendas<\/strong><\/em><\/a> fue <a href=\"https:\/\/laveredadepuebla.wordpress.com\/2015\/01\/05\/la-segregacion-de-retiendas\/\"><em><strong>rebatida por Tamaj\u00f3n<\/strong> <\/em><\/a>con documentos y declaraciones de testigos, seg\u00fan detalla el <a href=\"http:\/\/blog.laveredadepuebla.com\/2015\/01\/08\/libro-de-actas-de-la-segregacion-de-retiendas\/\"><em><strong>libro de actas<\/strong><\/em><\/a>. Dicen que <strong>Retiendas no necesita independencia ni pueden costearla<\/strong>:<\/p>\n<ul>\n<li>Los moradores de <a href=\"http:\/\/www.laveredadepuebla.com\/rutasypueblos\/retiendas.pdf\"><em><strong>Retiendas<\/strong><\/em><\/a> nunca han tenido falta de justicia en sus personas o intereses. Siempre han vivido en paz bajo el buen gobierno de la capital. Y solo dista de media legua a \u00be de buen camino sin peligro alguno.<\/li>\n<li>Que estos no son pudientes, pues solo algunos cogen granos para su subsistencia, los dem\u00e1s deben comprarlos para la mayor parte del a\u00f1o.<\/li>\n<li>Que no pueden costear la <a href=\"http:\/\/blog.laveredadepuebla.com\/2015\/01\/23\/retiendas-y-su-villazgo\/\"><em><strong>gracia de villazgo<\/strong><\/em><\/a> que solicitan y si lo hacen, quedar\u00edan arruinados.<\/li>\n<li>Que a pesar de la facultad para tener cirujano y herrero, no han podido admitirlos por no tener junta para recibirlos ni ajustar salario sin concurrencia de la justicia de <a href=\"http:\/\/www.laveredadepuebla.com\/rutasypueblos\/tamajon.pdf\"><em><strong>Tamaj\u00f3n<\/strong><\/em><\/a>.<\/li>\n<li>Que de las 8.800 fanegas del lugar, 2\/3 son pe\u00f1as est\u00e9riles y las dem\u00e1s de dif\u00edcil divisi\u00f3n<\/li>\n<\/ul>\n<p>Que <strong>causar\u00edan perjuicios a ambas poblaciones<\/strong> <em>(luego confesar\u00e1n que la m\u00e1s perjudicada ser\u00eda Tamaj\u00f3n)<\/em>:<a href=\"https:\/\/laveredadepuebla.files.wordpress.com\/2015\/01\/150202-tamajon-opone.jpg\"><img loading=\"lazy\" decoding=\"async\" class=\"alignright size-medium wp-image-15226\" src=\"https:\/\/blog.sierranortedeguadalajara.com\/wp-content\/uploads\/2023\/02\/150202-tamajon-opone.jpg\" alt=\"150202 Tamajon opone\" width=\"300\" height=\"225\" \/><\/a><\/p>\n<ul>\n<li>Que aunque en las tierras de cultivo se pudiese hacer la divisi\u00f3n, ofrecer\u00edan continuos disturbios entre los vecinos.<\/li>\n<li>Que con la desuni\u00f3n, ni unos ni otros habitantes podr\u00edan costear m\u00e9dico, cirujano, boticario, herrero, herrador, como acredita que solo reciban medio salario \u00f3 emolumentos muy limitados.<\/li>\n<li>Que los diezmos que pagan los moradores de Retiendas y Tamaj\u00f3n entran en masa com\u00fan en el tribunal de rentas decimales de Alcal\u00e1 de Henares\u201d.<\/li>\n<\/ul>\n<p><em><strong>Lar-ami<\/strong><\/em><\/p>\n","protected":false},"excerpt":{"rendered":"<p>La solicitud de Retiendas fue rebatida por Tamaj\u00f3n con documentos y declaraciones de testigos, seg\u00fan detalla el libro de actas. Dicen que Retiendas no necesita independencia ni pueden costearla: Los moradores de Retiendas nunca han tenido falta de justicia en sus personas o intereses. Siempre han vivido en paz bajo el buen gobierno de la &hellip; <\/p>\n<p class=\"link-more\"><a href=\"https:\/\/blog.sierranortedeguadalajara.com\/?p=15223\" class=\"more-link\">Seguir leyendo<span class=\"screen-reader-text\"> \u00abTamaj\u00f3n se opone a la segregaci\u00f3n de Retiendas\u00bb<\/span><\/a><\/p>\n","protected":false},"author":1,"featured_media":0,"comment_status":"open","ping_status":"open","sticky":false,"template":"","format":"standard","meta":{"footnotes":""},"categories":[6,9],"tags":[2,4,5,34,18,21],"class_list":["post-15223","post","type-post","status-publish","format-standard","hentry","category-mundo-rural","category-rincones-de-la-sierra-norte","tag-actualidad","tag-cultura","tag-historia","tag-retiendas","tag-siglo-xix","tag-tamajon","entry"],"_links":{"self":[{"href":"https:\/\/blog.sierranortedeguadalajara.com\/index.php?rest_route=\/wp\/v2\/posts\/15223","targetHints":{"allow":["GET"]}}],"collection":[{"href":"https:\/\/blog.sierranortedeguadalajara.com\/index.php?rest_route=\/wp\/v2\/posts"}],"about":[{"href":"https:\/\/blog.sierranortedeguadalajara.com\/index.php?rest_route=\/wp\/v2\/types\/post"}],"author":[{"embeddable":true,"href":"https:\/\/blog.sierranortedeguadalajara.com\/index.php?rest_route=\/wp\/v2\/users\/1"}],"replies":[{"embeddable":true,"href":"https:\/\/blog.sierranortedeguadalajara.com\/index.php?rest_route=%2Fwp%2Fv2%2Fcomments&post=15223"}],"version-history":[{"count":1,"href":"https:\/\/blog.sierranortedeguadalajara.com\/index.php?rest_route=\/wp\/v2\/posts\/15223\/revisions"}],"predecessor-version":[{"id":28308,"href":"https:\/\/blog.sierranortedeguadalajara.com\/index.php?rest_route=\/wp\/v2\/posts\/15223\/revisions\/28308"}],"wp:attachment":[{"href":"https:\/\/blog.sierranortedeguadalajara.com\/index.php?rest_route=%2Fwp%2Fv2%2Fmedia&parent=15223"}],"wp:term":[{"taxonomy":"category","embeddable":true,"href":"https:\/\/blog.sierranortedeguadalajara.com\/index.php?rest_route=%2Fwp%2Fv2%2Fcategories&post=15223"},{"taxonomy":"post_tag","embeddable":true,"href":"https:\/\/blog.sierranortedeguadalajara.com\/index.php?rest_route=%2Fwp%2Fv2%2Ftags&post=15223"}],"curies":[{"name":"wp","href":"https:\/\/api.w.org\/{rel}","templated":true}]}}