{"id":14882,"date":"2014-11-20T00:05:58","date_gmt":"2014-11-19T23:05:58","guid":{"rendered":"http:\/\/blog.laveredadepuebla.com\/?p=14882"},"modified":"2023-02-10T12:20:12","modified_gmt":"2023-02-10T12:20:12","slug":"troncos-y-raices-en-la-ribera","status":"publish","type":"post","link":"https:\/\/blog.sierranortedeguadalajara.com\/?p=14882","title":{"rendered":"Troncos y raices en La Ribera"},"content":{"rendered":"<p>Algunos dicen que, en el <a href=\"http:\/\/www.laveredadepuebla.com\/rutasypueblos\/laribera.pdf\"><em><strong>bosque de ribera<\/strong><\/em><\/a>, troncos podridos y ra\u00edces al descubierto son signos inequ\u00edvocos de vejez. No estamos de acuerdo.<a href=\"https:\/\/laveredadepuebla.files.wordpress.com\/2014\/11\/141120-a-raices-1.jpg\"><img loading=\"lazy\" decoding=\"async\" class=\"aligncenter size-large wp-image-14884\" src=\"https:\/\/blog.sierranortedeguadalajara.com\/wp-content\/uploads\/2023\/02\/141120-a-raices-1.jpg\" alt=\"141120 a raices 1\" width=\"500\" height=\"375\" \/><\/a><\/p>\n<p>La edad media de los \u00e1rboles de ribera es muy inferior, por el tipo de \u00e1rbol (<a href=\"http:\/\/blog.laveredadepuebla.com\/2013\/10\/25\/choperas\/\"><em><strong>chopos<\/strong><\/em><\/a>, <a href=\"http:\/\/blog.laveredadepuebla.com\/2014\/10\/15\/alamos-blancos\/\"><em><strong>\u00e1lamos<\/strong><\/em><\/a>, <a href=\"http:\/\/blog.laveredadepuebla.com\/2014\/10\/09\/de-los-alisos\/\"><em><strong>alisos<\/strong><\/em><\/a>, <a href=\"http:\/\/blog.laveredadepuebla.com\/2010\/05\/30\/tarajes-en-la%C2%A0ribera\/\"><em><strong>tarajes<\/strong><\/em><\/a>, <a href=\"http:\/\/blog.laveredadepuebla.com\/2012\/09\/27\/fresnos-y-fresneras\/\"><em><strong>fresnos<\/strong><\/em><\/a>,\u2026 ) y por la humedad. El ambiente acelera la proliferaci\u00f3n de arbustos y las plantas trepadoras les priva de ox\u00edgeno y sol, lo que acelera su decadencia.<\/p>\n<p><a href=\"https:\/\/laveredadepuebla.files.wordpress.com\/2014\/11\/141120-a-raices-2.jpg\"><img loading=\"lazy\" decoding=\"async\" class=\"alignleft size-medium wp-image-14885\" src=\"https:\/\/blog.sierranortedeguadalajara.com\/wp-content\/uploads\/2023\/02\/141120-a-raices-2.jpg\" alt=\"141120 a raices 2\" width=\"225\" height=\"300\" \/><\/a><a href=\"https:\/\/laveredadepuebla.files.wordpress.com\/2014\/11\/141120-a-raices-3.jpg\"><img loading=\"lazy\" decoding=\"async\" class=\"alignright size-medium wp-image-14886\" src=\"https:\/\/blog.sierranortedeguadalajara.com\/wp-content\/uploads\/2023\/02\/141120-a-raices-3.jpg\" alt=\"141120 a raices 3\" width=\"225\" height=\"300\" \/><\/a>Nosotros creemos que m\u00e1s bien troncos podridos y ra\u00edces al descubierto son s\u00edntomas de abandono. A las pruebas nos remitimos.<\/p>\n<p><em><strong>Lar-ami<\/strong><\/em><\/p>\n","protected":false},"excerpt":{"rendered":"<p>Algunos dicen que, en el bosque de ribera, troncos podridos y ra\u00edces al descubierto son signos inequ\u00edvocos de vejez. No estamos de acuerdo. La edad media de los \u00e1rboles de ribera es muy inferior, por el tipo de \u00e1rbol (chopos, \u00e1lamos, alisos, tarajes, fresnos,\u2026 ) y por la humedad. El ambiente acelera la proliferaci\u00f3n de &hellip; <\/p>\n<p class=\"link-more\"><a href=\"https:\/\/blog.sierranortedeguadalajara.com\/?p=14882\" class=\"more-link\">Seguir leyendo<span class=\"screen-reader-text\"> \u00abTroncos y raices en La Ribera\u00bb<\/span><\/a><\/p>\n","protected":false},"author":1,"featured_media":0,"comment_status":"open","ping_status":"open","sticky":false,"template":"","format":"standard","meta":{"footnotes":""},"categories":[12,6,9],"tags":[2,4,145,7],"class_list":["post-14882","post","type-post","status-publish","format-standard","hentry","category-actualidad","category-mundo-rural","category-rincones-de-la-sierra-norte","tag-actualidad","tag-cultura","tag-la-ribera","tag-naturaleza","entry"],"_links":{"self":[{"href":"https:\/\/blog.sierranortedeguadalajara.com\/index.php?rest_route=\/wp\/v2\/posts\/14882","targetHints":{"allow":["GET"]}}],"collection":[{"href":"https:\/\/blog.sierranortedeguadalajara.com\/index.php?rest_route=\/wp\/v2\/posts"}],"about":[{"href":"https:\/\/blog.sierranortedeguadalajara.com\/index.php?rest_route=\/wp\/v2\/types\/post"}],"author":[{"embeddable":true,"href":"https:\/\/blog.sierranortedeguadalajara.com\/index.php?rest_route=\/wp\/v2\/users\/1"}],"replies":[{"embeddable":true,"href":"https:\/\/blog.sierranortedeguadalajara.com\/index.php?rest_route=%2Fwp%2Fv2%2Fcomments&post=14882"}],"version-history":[{"count":1,"href":"https:\/\/blog.sierranortedeguadalajara.com\/index.php?rest_route=\/wp\/v2\/posts\/14882\/revisions"}],"predecessor-version":[{"id":28475,"href":"https:\/\/blog.sierranortedeguadalajara.com\/index.php?rest_route=\/wp\/v2\/posts\/14882\/revisions\/28475"}],"wp:attachment":[{"href":"https:\/\/blog.sierranortedeguadalajara.com\/index.php?rest_route=%2Fwp%2Fv2%2Fmedia&parent=14882"}],"wp:term":[{"taxonomy":"category","embeddable":true,"href":"https:\/\/blog.sierranortedeguadalajara.com\/index.php?rest_route=%2Fwp%2Fv2%2Fcategories&post=14882"},{"taxonomy":"post_tag","embeddable":true,"href":"https:\/\/blog.sierranortedeguadalajara.com\/index.php?rest_route=%2Fwp%2Fv2%2Ftags&post=14882"}],"curies":[{"name":"wp","href":"https:\/\/api.w.org\/{rel}","templated":true}]}}