{"id":14875,"date":"2014-11-19T00:05:28","date_gmt":"2014-11-18T23:05:28","guid":{"rendered":"http:\/\/blog.laveredadepuebla.com\/?p=14875"},"modified":"2023-02-10T12:20:13","modified_gmt":"2023-02-10T12:20:13","slug":"donde-no-llega-el-otono","status":"publish","type":"post","link":"https:\/\/blog.sierranortedeguadalajara.com\/?p=14875","title":{"rendered":"Donde no llega el oto\u00f1o"},"content":{"rendered":"<p>Hay lugares umbr\u00edos donde el oto\u00f1o apenas llega. Como en algunos parajes del <a href=\"http:\/\/blog.laveredadepuebla.com\/2009\/08\/27\/rio-jarama\/\"><em><strong>r\u00edo Jarama<\/strong><\/em><\/a>, donde el ca\u00f1\u00f3n es tan estrecho y la arboleda tan tupida que nunca da el sol.<a href=\"https:\/\/blog.sierranortedeguadalajara.com\/wp-content\/uploads\/2023\/02\/141119-no-otoc3b1o.jpg\"><img loading=\"lazy\" decoding=\"async\" class=\"aligncenter size-full wp-image-14876\" src=\"https:\/\/blog.sierranortedeguadalajara.com\/wp-content\/uploads\/2023\/02\/141119-no-otoc3b1o.jpg\" alt=\"141119 no oto\u00f1o\" width=\"500\" height=\"375\" \/><\/a><\/p>\n<p>Como en la <a href=\"http:\/\/blog.laveredadepuebla.com\/2009\/09\/01\/la-piedra-caida\/\"><em><strong>piedra ca\u00edda<\/strong> <\/em><\/a><em>,<\/em> un paraje espectacular que<a href=\"http:\/\/blog.laveredadepuebla.com\/2012\/12\/31\/alisos\/\"><strong><em> los alisos<\/em><\/strong><\/a> cobija y proteje con devoci\u00f3n.<a href=\"https:\/\/laveredadepuebla.files.wordpress.com\/2014\/11\/141119-no-otoc3b1o-2.jpg\"><img loading=\"lazy\" decoding=\"async\" class=\"alignright size-medium wp-image-14877\" src=\"https:\/\/blog.sierranortedeguadalajara.com\/wp-content\/uploads\/2023\/02\/141119-no-otoc3b1o-2.jpg\" alt=\"141119 no oto\u00f1o 2\" width=\"225\" height=\"300\" \/><\/a><a href=\"https:\/\/laveredadepuebla.files.wordpress.com\/2014\/11\/141119-no-otoc3b1o-3.jpg\"><img loading=\"lazy\" decoding=\"async\" class=\"alignleft size-medium wp-image-14878\" src=\"https:\/\/blog.sierranortedeguadalajara.com\/wp-content\/uploads\/2023\/02\/141119-no-otoc3b1o-3.jpg\" alt=\"141119 no oto\u00f1o 3\" width=\"225\" height=\"300\" \/><\/a><\/p>\n<p><em><strong>Lar-ami<\/strong><\/em><\/p>\n<p>&nbsp;<\/p>\n","protected":false},"excerpt":{"rendered":"<p>Hay lugares umbr\u00edos donde el oto\u00f1o apenas llega. Como en algunos parajes del r\u00edo Jarama, donde el ca\u00f1\u00f3n es tan estrecho y la arboleda tan tupida que nunca da el sol. Como en la piedra ca\u00edda , un paraje espectacular que los alisos cobija y proteje con devoci\u00f3n. Lar-ami &nbsp;<\/p>\n","protected":false},"author":1,"featured_media":0,"comment_status":"open","ping_status":"open","sticky":false,"template":"","format":"standard","meta":{"footnotes":""},"categories":[12,17,9],"tags":[2,35,7,8],"class_list":["post-14875","post","type-post","status-publish","format-standard","hentry","category-actualidad","category-paisajes-y-lugares-de-la-sierra-norte","category-rincones-de-la-sierra-norte","tag-actualidad","tag-jarama","tag-naturaleza","tag-puebla-de-valles","entry"],"_links":{"self":[{"href":"https:\/\/blog.sierranortedeguadalajara.com\/index.php?rest_route=\/wp\/v2\/posts\/14875","targetHints":{"allow":["GET"]}}],"collection":[{"href":"https:\/\/blog.sierranortedeguadalajara.com\/index.php?rest_route=\/wp\/v2\/posts"}],"about":[{"href":"https:\/\/blog.sierranortedeguadalajara.com\/index.php?rest_route=\/wp\/v2\/types\/post"}],"author":[{"embeddable":true,"href":"https:\/\/blog.sierranortedeguadalajara.com\/index.php?rest_route=\/wp\/v2\/users\/1"}],"replies":[{"embeddable":true,"href":"https:\/\/blog.sierranortedeguadalajara.com\/index.php?rest_route=%2Fwp%2Fv2%2Fcomments&post=14875"}],"version-history":[{"count":1,"href":"https:\/\/blog.sierranortedeguadalajara.com\/index.php?rest_route=\/wp\/v2\/posts\/14875\/revisions"}],"predecessor-version":[{"id":28479,"href":"https:\/\/blog.sierranortedeguadalajara.com\/index.php?rest_route=\/wp\/v2\/posts\/14875\/revisions\/28479"}],"wp:attachment":[{"href":"https:\/\/blog.sierranortedeguadalajara.com\/index.php?rest_route=%2Fwp%2Fv2%2Fmedia&parent=14875"}],"wp:term":[{"taxonomy":"category","embeddable":true,"href":"https:\/\/blog.sierranortedeguadalajara.com\/index.php?rest_route=%2Fwp%2Fv2%2Fcategories&post=14875"},{"taxonomy":"post_tag","embeddable":true,"href":"https:\/\/blog.sierranortedeguadalajara.com\/index.php?rest_route=%2Fwp%2Fv2%2Ftags&post=14875"}],"curies":[{"name":"wp","href":"https:\/\/api.w.org\/{rel}","templated":true}]}}