{"id":14867,"date":"2014-11-18T00:05:08","date_gmt":"2014-11-17T23:05:08","guid":{"rendered":"http:\/\/blog.laveredadepuebla.com\/?p=14867"},"modified":"2023-02-10T12:20:14","modified_gmt":"2023-02-10T12:20:14","slug":"panoramica-del-canon-del-jarama","status":"publish","type":"post","link":"https:\/\/blog.sierranortedeguadalajara.com\/?p=14867","title":{"rendered":"Panor\u00e1mica del ca\u00f1\u00f3n del Jarama"},"content":{"rendered":"<p>Se dice con frecuencia <em>(por los que no lo conocen)<\/em> que se nos llena la boca hablando del <a href=\"http:\/\/blog.laveredadepuebla.com\/2010\/08\/30\/el-canon-del-jarama-en%C2%A0imagenes\/\"><em><strong>ca\u00f1\u00f3n del Jarama<\/strong><\/em><\/a>. <a href=\"https:\/\/blog.sierranortedeguadalajara.com\/wp-content\/uploads\/2023\/02\/141118-pcac3b1on-1.jpg\"><img loading=\"lazy\" decoding=\"async\" class=\"aligncenter size-full wp-image-14868\" src=\"https:\/\/blog.sierranortedeguadalajara.com\/wp-content\/uploads\/2023\/02\/141118-pcac3b1on-1.jpg\" alt=\"141118 Pca\u00f1on 1\" width=\"500\" height=\"666\" \/><\/a><\/p>\n<p>Pero hemos de insistir en su belleza que con el oto\u00f1o se aprecia muy bien desde los <strong>acantilados del Marral\u00edn<\/strong> (<a href=\"www.laveredadepuebla.com\/rutasypueblos\/pueblava.pdf\"><em><strong>Puebla de Valles<\/strong><\/em><\/a>), con una panor\u00e1mica del curso del r\u00edo, desde el <a href=\"http:\/\/blog.laveredadepuebla.com\/2011\/06\/24\/el-puente-de-palos\/\"><em><strong>puente de Palos<\/strong> <\/em><\/a>hasta el <a href=\"http:\/\/blog.laveredadepuebla.com\/2011\/06\/22\/el-pozo-oscuro\/\"><em><strong>Pozo oscuro<\/strong><\/em><\/a>.<a href=\"https:\/\/blog.sierranortedeguadalajara.com\/wp-content\/uploads\/2023\/02\/141118-pcac3b1on-2.jpg\"><img loading=\"lazy\" decoding=\"async\" class=\"aligncenter size-full wp-image-14869\" src=\"https:\/\/blog.sierranortedeguadalajara.com\/wp-content\/uploads\/2023\/02\/141118-pcac3b1on-2.jpg\" alt=\"141118 Pca\u00f1on 2\" width=\"500\" height=\"666\" \/><\/a><em><strong>Lar-ami<\/strong><\/em><\/p>\n","protected":false},"excerpt":{"rendered":"<p>Se dice con frecuencia (por los que no lo conocen) que se nos llena la boca hablando del ca\u00f1\u00f3n del Jarama. Pero hemos de insistir en su belleza que con el oto\u00f1o se aprecia muy bien desde los acantilados del Marral\u00edn (Puebla de Valles), con una panor\u00e1mica del curso del r\u00edo, desde el puente de &hellip; <\/p>\n<p class=\"link-more\"><a href=\"https:\/\/blog.sierranortedeguadalajara.com\/?p=14867\" class=\"more-link\">Seguir leyendo<span class=\"screen-reader-text\"> \u00abPanor\u00e1mica del ca\u00f1\u00f3n del Jarama\u00bb<\/span><\/a><\/p>\n","protected":false},"author":1,"featured_media":0,"comment_status":"open","ping_status":"open","sticky":false,"template":"","format":"standard","meta":{"footnotes":""},"categories":[12,17],"tags":[2,35,7,8],"class_list":["post-14867","post","type-post","status-publish","format-standard","hentry","category-actualidad","category-paisajes-y-lugares-de-la-sierra-norte","tag-actualidad","tag-jarama","tag-naturaleza","tag-puebla-de-valles","entry"],"_links":{"self":[{"href":"https:\/\/blog.sierranortedeguadalajara.com\/index.php?rest_route=\/wp\/v2\/posts\/14867","targetHints":{"allow":["GET"]}}],"collection":[{"href":"https:\/\/blog.sierranortedeguadalajara.com\/index.php?rest_route=\/wp\/v2\/posts"}],"about":[{"href":"https:\/\/blog.sierranortedeguadalajara.com\/index.php?rest_route=\/wp\/v2\/types\/post"}],"author":[{"embeddable":true,"href":"https:\/\/blog.sierranortedeguadalajara.com\/index.php?rest_route=\/wp\/v2\/users\/1"}],"replies":[{"embeddable":true,"href":"https:\/\/blog.sierranortedeguadalajara.com\/index.php?rest_route=%2Fwp%2Fv2%2Fcomments&post=14867"}],"version-history":[{"count":1,"href":"https:\/\/blog.sierranortedeguadalajara.com\/index.php?rest_route=\/wp\/v2\/posts\/14867\/revisions"}],"predecessor-version":[{"id":28482,"href":"https:\/\/blog.sierranortedeguadalajara.com\/index.php?rest_route=\/wp\/v2\/posts\/14867\/revisions\/28482"}],"wp:attachment":[{"href":"https:\/\/blog.sierranortedeguadalajara.com\/index.php?rest_route=%2Fwp%2Fv2%2Fmedia&parent=14867"}],"wp:term":[{"taxonomy":"category","embeddable":true,"href":"https:\/\/blog.sierranortedeguadalajara.com\/index.php?rest_route=%2Fwp%2Fv2%2Fcategories&post=14867"},{"taxonomy":"post_tag","embeddable":true,"href":"https:\/\/blog.sierranortedeguadalajara.com\/index.php?rest_route=%2Fwp%2Fv2%2Ftags&post=14867"}],"curies":[{"name":"wp","href":"https:\/\/api.w.org\/{rel}","templated":true}]}}