{"id":14860,"date":"2014-11-17T00:05:02","date_gmt":"2014-11-16T23:05:02","guid":{"rendered":"http:\/\/blog.laveredadepuebla.com\/?p=14860"},"modified":"2023-02-10T12:20:15","modified_gmt":"2023-02-10T12:20:15","slug":"amanece-en-puebla-de-valles","status":"publish","type":"post","link":"https:\/\/blog.sierranortedeguadalajara.com\/?p=14860","title":{"rendered":"Amanece en Puebla de Valles"},"content":{"rendered":"<p><a href=\"https:\/\/laveredadepuebla.files.wordpress.com\/2014\/11\/141115-amanece-1.jpg\"><img loading=\"lazy\" decoding=\"async\" class=\"alignright size-medium wp-image-14861\" src=\"https:\/\/blog.sierranortedeguadalajara.com\/wp-content\/uploads\/2023\/02\/141115-amanece-1.jpg\" alt=\"141115 amanece 1\" width=\"300\" height=\"225\" \/><\/a>Mientras el sol se despereza, el caminante avanza hacia el mirador.<\/p>\n<p>No quiere perderse el momento sublime del d\u00eda.<\/p>\n<p>Ahora los rayos del sol iluminan la <a href=\"http:\/\/blog.laveredadepuebla.com\/2013\/02\/11\/la-vega-del-jarama\/\"><em><strong>vega del Jarama<\/strong><\/em><\/a>, para hacerla a\u00fan m\u00e1s hermosa.<\/p>\n<p><a href=\"https:\/\/laveredadepuebla.files.wordpress.com\/2014\/11\/141115-amanece-2.jpg\"><img loading=\"lazy\" decoding=\"async\" class=\"aligncenter size-large wp-image-14862\" src=\"https:\/\/blog.sierranortedeguadalajara.com\/wp-content\/uploads\/2023\/02\/141115-amanece-2.jpg\" alt=\"141115 amanece 2\" width=\"500\" height=\"375\" \/><\/a><br \/>\n<em><strong>Lar-ami<\/strong><\/em><\/p>\n","protected":false},"excerpt":{"rendered":"<p>Mientras el sol se despereza, el caminante avanza hacia el mirador. No quiere perderse el momento sublime del d\u00eda. Ahora los rayos del sol iluminan la vega del Jarama, para hacerla a\u00fan m\u00e1s hermosa. Lar-ami<\/p>\n","protected":false},"author":1,"featured_media":0,"comment_status":"open","ping_status":"open","sticky":false,"template":"","format":"standard","meta":{"footnotes":""},"categories":[12],"tags":[2,7,8],"class_list":["post-14860","post","type-post","status-publish","format-standard","hentry","category-actualidad","tag-actualidad","tag-naturaleza","tag-puebla-de-valles","entry"],"_links":{"self":[{"href":"https:\/\/blog.sierranortedeguadalajara.com\/index.php?rest_route=\/wp\/v2\/posts\/14860","targetHints":{"allow":["GET"]}}],"collection":[{"href":"https:\/\/blog.sierranortedeguadalajara.com\/index.php?rest_route=\/wp\/v2\/posts"}],"about":[{"href":"https:\/\/blog.sierranortedeguadalajara.com\/index.php?rest_route=\/wp\/v2\/types\/post"}],"author":[{"embeddable":true,"href":"https:\/\/blog.sierranortedeguadalajara.com\/index.php?rest_route=\/wp\/v2\/users\/1"}],"replies":[{"embeddable":true,"href":"https:\/\/blog.sierranortedeguadalajara.com\/index.php?rest_route=%2Fwp%2Fv2%2Fcomments&post=14860"}],"version-history":[{"count":1,"href":"https:\/\/blog.sierranortedeguadalajara.com\/index.php?rest_route=\/wp\/v2\/posts\/14860\/revisions"}],"predecessor-version":[{"id":28485,"href":"https:\/\/blog.sierranortedeguadalajara.com\/index.php?rest_route=\/wp\/v2\/posts\/14860\/revisions\/28485"}],"wp:attachment":[{"href":"https:\/\/blog.sierranortedeguadalajara.com\/index.php?rest_route=%2Fwp%2Fv2%2Fmedia&parent=14860"}],"wp:term":[{"taxonomy":"category","embeddable":true,"href":"https:\/\/blog.sierranortedeguadalajara.com\/index.php?rest_route=%2Fwp%2Fv2%2Fcategories&post=14860"},{"taxonomy":"post_tag","embeddable":true,"href":"https:\/\/blog.sierranortedeguadalajara.com\/index.php?rest_route=%2Fwp%2Fv2%2Ftags&post=14860"}],"curies":[{"name":"wp","href":"https:\/\/api.w.org\/{rel}","templated":true}]}}