{"id":14808,"date":"2014-10-28T00:05:17","date_gmt":"2014-10-27T22:05:17","guid":{"rendered":"http:\/\/blog.laveredadepuebla.com\/?p=14808"},"modified":"2023-02-10T12:20:26","modified_gmt":"2023-02-10T12:20:26","slug":"higueras-en-otono","status":"publish","type":"post","link":"https:\/\/blog.sierranortedeguadalajara.com\/?p=14808","title":{"rendered":"Higueras en oto\u00f1o"},"content":{"rendered":"<p>S<a href=\"https:\/\/laveredadepuebla.files.wordpress.com\/2014\/10\/141028-higos-otoc3b1o-1.jpg\"><img loading=\"lazy\" decoding=\"async\" class=\"alignright wp-image-14809\" src=\"https:\/\/blog.sierranortedeguadalajara.com\/wp-content\/uploads\/2023\/02\/141028-higos-otoc3b1o-1.jpg\" alt=\"141028 higos oto\u00f1o 1\" width=\"240\" height=\"180\" \/><\/a>abemos que la higuera es un \u00e1rbol peculiar, por sus caracter\u00edsticas (no tiene <a href=\"http:\/\/blog.laveredadepuebla.com\/2014\/05\/05\/la-flor-de-la-higuera\/\"><em><strong>flores visibles<\/strong><\/em><\/a>), su historia (se recolecta desde hace m\u00e1s de 11.000 a\u00f1os) y <a href=\"http:\/\/blogsdelagente.com\/hara\/2009\/11\/23\/sobre-higuera-y-sus-leyenda\/\"><em><strong>sus leyendas<\/strong><\/em><\/a>. Por eso no debiera sorprendernos su imagen en oto\u00f1o.<\/p>\n<p><a href=\"https:\/\/laveredadepuebla.files.wordpress.com\/2014\/10\/141028-higos-otoc3b1o-2.jpg\"><img loading=\"lazy\" decoding=\"async\" class=\"alignleft size-thumbnail wp-image-14810\" src=\"https:\/\/blog.sierranortedeguadalajara.com\/wp-content\/uploads\/2023\/02\/141028-higos-otoc3b1o-2.jpg\" alt=\"141028 higos oto\u00f1o 2\" width=\"150\" height=\"112\" \/><\/a>En <a href=\"http:\/\/www.laveredadepuebla.com\/rutasypueblos.htm\"><em><strong>La Ribera<\/strong> <\/em><\/a>y durante las primeras semanas, conviven entre sus ramas higos maduros, hojas muertas y brotes, mientras el \u00e1rbol mantiene higos en proceso de maduraci\u00f3n y hojas verdes ya que la higuera da sus mejores frutos en Septiembre.<\/p>\n<p><a href=\"https:\/\/laveredadepuebla.files.wordpress.com\/2014\/10\/141028-higos-otoc3b1o-8.jpg\"><img loading=\"lazy\" decoding=\"async\" class=\"alignright wp-image-14811\" src=\"https:\/\/blog.sierranortedeguadalajara.com\/wp-content\/uploads\/2023\/02\/141028-higos-otoc3b1o-8.jpg\" alt=\"141028 higos oto\u00f1o 8\" width=\"240\" height=\"180\" \/><\/a>Conforme llegan las lluvias y avanza la estaci\u00f3n, los higos se abren y su piel se reblandece. Otros se secan mientras las hojas amarillean y mueren.<\/p>\n<p>Al final todos acaban en el suelo, salvo algunos frutos muy resecos que permanecen colgados. Pero cuando llegan los primeros fr\u00edos la higuera estar\u00e1 desnuda y as\u00ed sobrevivir\u00e1 hasta la primavera.<\/p>\n<p><strong><em>Lar-ami<\/em><\/strong><\/p>\n","protected":false},"excerpt":{"rendered":"<p>Sabemos que la higuera es un \u00e1rbol peculiar, por sus caracter\u00edsticas (no tiene flores visibles), su historia (se recolecta desde hace m\u00e1s de 11.000 a\u00f1os) y sus leyendas. Por eso no debiera sorprendernos su imagen en oto\u00f1o. En La Ribera y durante las primeras semanas, conviven entre sus ramas higos maduros, hojas muertas y brotes, &hellip; <\/p>\n<p class=\"link-more\"><a href=\"https:\/\/blog.sierranortedeguadalajara.com\/?p=14808\" class=\"more-link\">Seguir leyendo<span class=\"screen-reader-text\"> \u00abHigueras en oto\u00f1o\u00bb<\/span><\/a><\/p>\n","protected":false},"author":1,"featured_media":0,"comment_status":"open","ping_status":"open","sticky":false,"template":"","format":"standard","meta":{"footnotes":""},"categories":[12,6],"tags":[2,145,7],"class_list":["post-14808","post","type-post","status-publish","format-standard","hentry","category-actualidad","category-mundo-rural","tag-actualidad","tag-la-ribera","tag-naturaleza","entry"],"_links":{"self":[{"href":"https:\/\/blog.sierranortedeguadalajara.com\/index.php?rest_route=\/wp\/v2\/posts\/14808","targetHints":{"allow":["GET"]}}],"collection":[{"href":"https:\/\/blog.sierranortedeguadalajara.com\/index.php?rest_route=\/wp\/v2\/posts"}],"about":[{"href":"https:\/\/blog.sierranortedeguadalajara.com\/index.php?rest_route=\/wp\/v2\/types\/post"}],"author":[{"embeddable":true,"href":"https:\/\/blog.sierranortedeguadalajara.com\/index.php?rest_route=\/wp\/v2\/users\/1"}],"replies":[{"embeddable":true,"href":"https:\/\/blog.sierranortedeguadalajara.com\/index.php?rest_route=%2Fwp%2Fv2%2Fcomments&post=14808"}],"version-history":[{"count":1,"href":"https:\/\/blog.sierranortedeguadalajara.com\/index.php?rest_route=\/wp\/v2\/posts\/14808\/revisions"}],"predecessor-version":[{"id":28537,"href":"https:\/\/blog.sierranortedeguadalajara.com\/index.php?rest_route=\/wp\/v2\/posts\/14808\/revisions\/28537"}],"wp:attachment":[{"href":"https:\/\/blog.sierranortedeguadalajara.com\/index.php?rest_route=%2Fwp%2Fv2%2Fmedia&parent=14808"}],"wp:term":[{"taxonomy":"category","embeddable":true,"href":"https:\/\/blog.sierranortedeguadalajara.com\/index.php?rest_route=%2Fwp%2Fv2%2Fcategories&post=14808"},{"taxonomy":"post_tag","embeddable":true,"href":"https:\/\/blog.sierranortedeguadalajara.com\/index.php?rest_route=%2Fwp%2Fv2%2Ftags&post=14808"}],"curies":[{"name":"wp","href":"https:\/\/api.w.org\/{rel}","templated":true}]}}