{"id":14801,"date":"2014-11-03T00:05:32","date_gmt":"2014-11-02T22:05:32","guid":{"rendered":"http:\/\/blog.laveredadepuebla.com\/?p=14801"},"modified":"2023-02-10T12:20:24","modified_gmt":"2023-02-10T12:20:24","slug":"caminos-verdes","status":"publish","type":"post","link":"https:\/\/blog.sierranortedeguadalajara.com\/?p=14801","title":{"rendered":"Caminos verdes"},"content":{"rendered":"<p>\u00bfQue decir de los <a href=\"http:\/\/blog.laveredadepuebla.com\/2013\/10\/17\/caminos-de-otono\/\"><em><strong>caminos de oto\u00f1o<\/strong><\/em><\/a> y del <a href=\"http:\/\/blog.laveredadepuebla.com\/2012\/10\/24\/otono-por-los-caminos\/\"><em><strong>oto\u00f1o en los caminos<\/strong><\/em><\/a>? <a href=\"https:\/\/laveredadepuebla.files.wordpress.com\/2014\/10\/141103-caminos-verdes-1.jpg\"><img loading=\"lazy\" decoding=\"async\" class=\"alignright wp-image-14802\" src=\"https:\/\/blog.sierranortedeguadalajara.com\/wp-content\/uploads\/2023\/02\/141103-caminos-verdes-1.jpg\" alt=\"141103 caminos verdes 1\" width=\"180\" height=\"240\" \/><\/a><\/p>\n<p><a href=\"https:\/\/laveredadepuebla.files.wordpress.com\/2014\/10\/141103-caminos-verdes-2.jpg\"><img loading=\"lazy\" decoding=\"async\" class=\"alignleft wp-image-14803\" src=\"https:\/\/blog.sierranortedeguadalajara.com\/wp-content\/uploads\/2023\/02\/141103-caminos-verdes-2.jpg\" alt=\"141103 caminos verdes 2\" width=\"200\" height=\"150\" \/><\/a>Han sido cantados por los poetas y recogidos en miles de fotograf\u00edas, que compiten en originalidad y belleza.<\/p>\n<p><a href=\"https:\/\/laveredadepuebla.files.wordpress.com\/2014\/10\/141103-caminos-verdes-3.jpg\"><img loading=\"lazy\" decoding=\"async\" class=\"alignleft wp-image-14804\" src=\"https:\/\/blog.sierranortedeguadalajara.com\/wp-content\/uploads\/2023\/02\/141103-caminos-verdes-3.jpg\" alt=\"141103 caminos verdes 3\" width=\"200\" height=\"150\" \/><\/a>Pero pocos mencionan que los caminos que surcan los bosques de ribera permanecen verdes a comienzos de oto\u00f1o, al menos en<a href=\"http:\/\/www.laveredadepuebla.com\/rutasypueblos.htm\"><em><strong> La Ribera<\/strong><\/em><\/a>. <a href=\"https:\/\/laveredadepuebla.files.wordpress.com\/2014\/10\/141103-caminos-verdes-4.jpg\"><img loading=\"lazy\" decoding=\"async\" class=\"alignright wp-image-14805\" src=\"https:\/\/blog.sierranortedeguadalajara.com\/wp-content\/uploads\/2023\/02\/141103-caminos-verdes-4.jpg\" alt=\"141103 caminos verdes 4\" width=\"150\" height=\"200\" \/><\/a><\/p>\n<p>Empiezan a perder hojas y cambiar de color despu\u00e9s de las primeras lluvias.<\/p>\n<p>Sean estas im\u00e1genes, tomadas el 28 de septiembre, testigos de mi afirmaci\u00f3n.<\/p>\n<p><em><strong>Lar-ami<\/strong><\/em><\/p>\n","protected":false},"excerpt":{"rendered":"<p>\u00bfQue decir de los caminos de oto\u00f1o y del oto\u00f1o en los caminos? Han sido cantados por los poetas y recogidos en miles de fotograf\u00edas, que compiten en originalidad y belleza. Pero pocos mencionan que los caminos que surcan los bosques de ribera permanecen verdes a comienzos de oto\u00f1o, al menos en La Ribera. Empiezan &hellip; <\/p>\n<p class=\"link-more\"><a href=\"https:\/\/blog.sierranortedeguadalajara.com\/?p=14801\" class=\"more-link\">Seguir leyendo<span class=\"screen-reader-text\"> \u00abCaminos verdes\u00bb<\/span><\/a><\/p>\n","protected":false},"author":1,"featured_media":0,"comment_status":"open","ping_status":"open","sticky":false,"template":"","format":"standard","meta":{"footnotes":""},"categories":[9],"tags":[],"class_list":["post-14801","post","type-post","status-publish","format-standard","hentry","category-rincones-de-la-sierra-norte","entry"],"_links":{"self":[{"href":"https:\/\/blog.sierranortedeguadalajara.com\/index.php?rest_route=\/wp\/v2\/posts\/14801","targetHints":{"allow":["GET"]}}],"collection":[{"href":"https:\/\/blog.sierranortedeguadalajara.com\/index.php?rest_route=\/wp\/v2\/posts"}],"about":[{"href":"https:\/\/blog.sierranortedeguadalajara.com\/index.php?rest_route=\/wp\/v2\/types\/post"}],"author":[{"embeddable":true,"href":"https:\/\/blog.sierranortedeguadalajara.com\/index.php?rest_route=\/wp\/v2\/users\/1"}],"replies":[{"embeddable":true,"href":"https:\/\/blog.sierranortedeguadalajara.com\/index.php?rest_route=%2Fwp%2Fv2%2Fcomments&post=14801"}],"version-history":[{"count":1,"href":"https:\/\/blog.sierranortedeguadalajara.com\/index.php?rest_route=\/wp\/v2\/posts\/14801\/revisions"}],"predecessor-version":[{"id":28525,"href":"https:\/\/blog.sierranortedeguadalajara.com\/index.php?rest_route=\/wp\/v2\/posts\/14801\/revisions\/28525"}],"wp:attachment":[{"href":"https:\/\/blog.sierranortedeguadalajara.com\/index.php?rest_route=%2Fwp%2Fv2%2Fmedia&parent=14801"}],"wp:term":[{"taxonomy":"category","embeddable":true,"href":"https:\/\/blog.sierranortedeguadalajara.com\/index.php?rest_route=%2Fwp%2Fv2%2Fcategories&post=14801"},{"taxonomy":"post_tag","embeddable":true,"href":"https:\/\/blog.sierranortedeguadalajara.com\/index.php?rest_route=%2Fwp%2Fv2%2Ftags&post=14801"}],"curies":[{"name":"wp","href":"https:\/\/api.w.org\/{rel}","templated":true}]}}