{"id":14793,"date":"2014-10-30T00:05:49","date_gmt":"2014-10-29T22:05:49","guid":{"rendered":"http:\/\/blog.laveredadepuebla.com\/?p=14793"},"modified":"2023-02-10T12:20:25","modified_gmt":"2023-02-10T12:20:25","slug":"tornalobos","status":"publish","type":"post","link":"https:\/\/blog.sierranortedeguadalajara.com\/?p=14793","title":{"rendered":"Tornalobos"},"content":{"rendered":"<p><a href=\"https:\/\/laveredadepuebla.files.wordpress.com\/2014\/10\/141030-tornalobo-3.jpg\"><img loading=\"lazy\" decoding=\"async\" class=\"alignleft wp-image-14794\" src=\"https:\/\/blog.sierranortedeguadalajara.com\/wp-content\/uploads\/2023\/02\/141030-tornalobo-3.jpg\" alt=\"141030 tornalobo 3\" width=\"180\" height=\"135\" \/><\/a>Si bien su nombre cient\u00edfico impone, <a href=\"http:\/\/www.asturnatura.com\/especie\/pistacia-terebinthus.html\"><em><strong>Pistacia terebinthus,<\/strong><\/em><\/a> los nombres comunes por los que se la conoce apabullan. <a href=\"http:\/\/www.botanicayjardines.com\/etiqueta\/tornalobo\/\"><em><strong>M\u00e1s de 30 hemos contado<\/strong><\/em><\/a>, siendo los m\u00e1s comunes cornicabra, cornetas, \u00e1rbol de la trementina,\u2026<\/p>\n<p><a href=\"https:\/\/laveredadepuebla.files.wordpress.com\/2014\/10\/141030-tornalobo-1.jpg\"><img loading=\"lazy\" decoding=\"async\" class=\"alignright wp-image-14795\" src=\"https:\/\/blog.sierranortedeguadalajara.com\/wp-content\/uploads\/2023\/02\/141030-tornalobo-1.jpg\" alt=\"141030 tornalobo 1\" width=\"240\" height=\"180\" \/><\/a>Muy abundante en todo el pa\u00eds, esta planta asilvestrada puebla los montes de <a href=\"http:\/\/es.youtube.com\/watch?v=7GW8Ykv6Z9s\"><em><strong>La Ribera<\/strong><\/em><\/a> y es habitual a orillas de los caminos. Su presencia no pasa desapercibida, ya que<a href=\"http:\/\/fichas.infojardin.com\/arbustos\/pistacia-terebinthus-cornicabra.htm\"><em><strong> va cambiando de aspecto<\/strong><\/em><\/a> seg\u00fan avanzan las estaciones:<\/p>\n<ul>\n<li>En abril aparecen las flores en ramilletes rojizos junto a las hojas.<\/li>\n<li>Frutos ovoides, rojizos que al madurar en verano se vuelven negruzcos<\/li>\n<li>Una excrecencia negra, con aspecto de cuerno de cabra, le nace por la picadura de un insecto.<a href=\"https:\/\/laveredadepuebla.files.wordpress.com\/2014\/10\/141030-tornalobo-2.jpg\"><img loading=\"lazy\" decoding=\"async\" class=\"alignright wp-image-14796\" src=\"https:\/\/blog.sierranortedeguadalajara.com\/wp-content\/uploads\/2023\/02\/141030-tornalobo-2.jpg\" alt=\"141030 tornalobo 2\" width=\"240\" height=\"180\" \/><\/a><\/li>\n<li>En septiembre surgen agallas en forma de cuerno, que son generadas por la planta como reacci\u00f3n a la puesta de huevos de este insecto.<\/li>\n<\/ul>\n<p>Es en los primeros d\u00edas del oto\u00f1o cuando esta planta tan vulgar alcanza su imagen m\u00e1s hermosa.<\/p>\n<p><em><strong>Lar-ami<\/strong><\/em><\/p>\n","protected":false},"excerpt":{"rendered":"<p>Si bien su nombre cient\u00edfico impone, Pistacia terebinthus, los nombres comunes por los que se la conoce apabullan. M\u00e1s de 30 hemos contado, siendo los m\u00e1s comunes cornicabra, cornetas, \u00e1rbol de la trementina,\u2026 Muy abundante en todo el pa\u00eds, esta planta asilvestrada puebla los montes de La Ribera y es habitual a orillas de los &hellip; <\/p>\n<p class=\"link-more\"><a href=\"https:\/\/blog.sierranortedeguadalajara.com\/?p=14793\" class=\"more-link\">Seguir leyendo<span class=\"screen-reader-text\"> \u00abTornalobos\u00bb<\/span><\/a><\/p>\n","protected":false},"author":1,"featured_media":0,"comment_status":"open","ping_status":"open","sticky":false,"template":"","format":"standard","meta":{"footnotes":""},"categories":[12],"tags":[2,4,145,7],"class_list":["post-14793","post","type-post","status-publish","format-standard","hentry","category-actualidad","tag-actualidad","tag-cultura","tag-la-ribera","tag-naturaleza","entry"],"_links":{"self":[{"href":"https:\/\/blog.sierranortedeguadalajara.com\/index.php?rest_route=\/wp\/v2\/posts\/14793","targetHints":{"allow":["GET"]}}],"collection":[{"href":"https:\/\/blog.sierranortedeguadalajara.com\/index.php?rest_route=\/wp\/v2\/posts"}],"about":[{"href":"https:\/\/blog.sierranortedeguadalajara.com\/index.php?rest_route=\/wp\/v2\/types\/post"}],"author":[{"embeddable":true,"href":"https:\/\/blog.sierranortedeguadalajara.com\/index.php?rest_route=\/wp\/v2\/users\/1"}],"replies":[{"embeddable":true,"href":"https:\/\/blog.sierranortedeguadalajara.com\/index.php?rest_route=%2Fwp%2Fv2%2Fcomments&post=14793"}],"version-history":[{"count":1,"href":"https:\/\/blog.sierranortedeguadalajara.com\/index.php?rest_route=\/wp\/v2\/posts\/14793\/revisions"}],"predecessor-version":[{"id":28530,"href":"https:\/\/blog.sierranortedeguadalajara.com\/index.php?rest_route=\/wp\/v2\/posts\/14793\/revisions\/28530"}],"wp:attachment":[{"href":"https:\/\/blog.sierranortedeguadalajara.com\/index.php?rest_route=%2Fwp%2Fv2%2Fmedia&parent=14793"}],"wp:term":[{"taxonomy":"category","embeddable":true,"href":"https:\/\/blog.sierranortedeguadalajara.com\/index.php?rest_route=%2Fwp%2Fv2%2Fcategories&post=14793"},{"taxonomy":"post_tag","embeddable":true,"href":"https:\/\/blog.sierranortedeguadalajara.com\/index.php?rest_route=%2Fwp%2Fv2%2Ftags&post=14793"}],"curies":[{"name":"wp","href":"https:\/\/api.w.org\/{rel}","templated":true}]}}