{"id":14786,"date":"2014-11-14T00:05:01","date_gmt":"2014-11-13T23:05:01","guid":{"rendered":"http:\/\/blog.laveredadepuebla.com\/?p=14786"},"modified":"2023-02-10T12:20:16","modified_gmt":"2023-02-10T12:20:16","slug":"la-edad-de-los-olivos","status":"publish","type":"post","link":"https:\/\/blog.sierranortedeguadalajara.com\/?p=14786","title":{"rendered":"La edad de los olivos"},"content":{"rendered":"<p><a href=\"https:\/\/laveredadepuebla.files.wordpress.com\/2014\/10\/141029-olivo-1.jpg\"><img loading=\"lazy\" decoding=\"async\" class=\"alignright wp-image-14787\" src=\"https:\/\/blog.sierranortedeguadalajara.com\/wp-content\/uploads\/2023\/02\/141029-olivo-1.jpg\" alt=\"141029 olivo 1\" width=\"240\" height=\"180\" \/><\/a>Ya hemos comentado en varias ocasiones que esta es <a href=\"http:\/\/blog.laveredadepuebla.com\/2013\/02\/13\/olivos-y-aceite\/\"><em><strong>tierra de olivos y aceite<\/strong><\/em><\/a>.<\/p>\n<p>Hemos presumido de que <a href=\"http:\/\/www.laveredadepuebla.com\/rutasypueblos\/pueblava.pdf\"><em><strong>Puebla de Valles<\/strong><\/em><\/a> tiene <a href=\"http:\/\/blog.laveredadepuebla.com\/2010\/06\/02\/puebla-de-valles-y-sus-olivos%C2%A0milenarios\/\"><em><strong>olivos milenarios,<\/strong><\/em><\/a> tantos que hasta les ha dedicado una fiesta y ha colocado un <a href=\"http:\/\/blog.laveredadepuebla.com\/2010\/03\/15\/el-olivo-milenario\/\"><em><strong>digno representante en la plaza mayor<\/strong><\/em><\/a>.<\/p>\n<p><a href=\"https:\/\/laveredadepuebla.files.wordpress.com\/2014\/10\/141029-olivo-2.jpg\"><img loading=\"lazy\" decoding=\"async\" class=\"alignleft size-thumbnail wp-image-14788\" src=\"https:\/\/blog.sierranortedeguadalajara.com\/wp-content\/uploads\/2023\/02\/141029-olivo-2.jpg\" alt=\"141029 olivo 2\" width=\"112\" height=\"150\" \/><\/a>Con frecuencia se abre el debate sobre la edad de los olivos de <a href=\"http:\/\/www.laveredadepuebla.com\/rutasypueblos.htm\"><em><strong>La Ribera<\/strong><\/em><\/a>, ya que no hay m\u00e9tricas precisas para calcularlos.<\/p>\n<p><a href=\"https:\/\/laveredadepuebla.files.wordpress.com\/2014\/10\/141029-olivo-3.jpg\"><img loading=\"lazy\" decoding=\"async\" class=\"alignright size-thumbnail wp-image-14789\" src=\"https:\/\/blog.sierranortedeguadalajara.com\/wp-content\/uploads\/2023\/02\/141029-olivo-3.jpg\" alt=\"141029 olivo 3\" width=\"112\" height=\"150\" \/><\/a>Nosotros hemos defendido que en esta tierra esa tarea se vuelve mucho m\u00e1s compleja por dos razones: el achaparrado que genera varios troncos <em>(resulta m\u00e1s c\u00f3moda para la recolecci\u00f3n)<\/em> y el aprovechamiento de astillas para la lumbre <em>(escasez de le\u00f1a)<\/em><\/p>\n<p><a href=\"https:\/\/laveredadepuebla.files.wordpress.com\/2014\/10\/141029-olivo-4.jpg\"><img loading=\"lazy\" decoding=\"async\" class=\"alignleft size-thumbnail wp-image-14790\" src=\"https:\/\/blog.sierranortedeguadalajara.com\/wp-content\/uploads\/2023\/02\/141029-olivo-4.jpg\" alt=\"141029 olivo 4\" width=\"150\" height=\"112\" \/><\/a>Y se nos tacha de chovinistas. Por eso no nos privamos de mostrar estas im\u00e1genes que corroboran nuestra posici\u00f3n.<\/p>\n<p><em><strong>Lar-ami<\/strong><\/em><\/p>\n","protected":false},"excerpt":{"rendered":"<p>Ya hemos comentado en varias ocasiones que esta es tierra de olivos y aceite. Hemos presumido de que Puebla de Valles tiene olivos milenarios, tantos que hasta les ha dedicado una fiesta y ha colocado un digno representante en la plaza mayor. Con frecuencia se abre el debate sobre la edad de los olivos de &hellip; <\/p>\n<p class=\"link-more\"><a href=\"https:\/\/blog.sierranortedeguadalajara.com\/?p=14786\" class=\"more-link\">Seguir leyendo<span class=\"screen-reader-text\"> \u00abLa edad de los olivos\u00bb<\/span><\/a><\/p>\n","protected":false},"author":1,"featured_media":0,"comment_status":"open","ping_status":"open","sticky":false,"template":"","format":"standard","meta":{"footnotes":""},"categories":[12,9],"tags":[2,4,145,7,8],"class_list":["post-14786","post","type-post","status-publish","format-standard","hentry","category-actualidad","category-rincones-de-la-sierra-norte","tag-actualidad","tag-cultura","tag-la-ribera","tag-naturaleza","tag-puebla-de-valles","entry"],"_links":{"self":[{"href":"https:\/\/blog.sierranortedeguadalajara.com\/index.php?rest_route=\/wp\/v2\/posts\/14786","targetHints":{"allow":["GET"]}}],"collection":[{"href":"https:\/\/blog.sierranortedeguadalajara.com\/index.php?rest_route=\/wp\/v2\/posts"}],"about":[{"href":"https:\/\/blog.sierranortedeguadalajara.com\/index.php?rest_route=\/wp\/v2\/types\/post"}],"author":[{"embeddable":true,"href":"https:\/\/blog.sierranortedeguadalajara.com\/index.php?rest_route=\/wp\/v2\/users\/1"}],"replies":[{"embeddable":true,"href":"https:\/\/blog.sierranortedeguadalajara.com\/index.php?rest_route=%2Fwp%2Fv2%2Fcomments&post=14786"}],"version-history":[{"count":1,"href":"https:\/\/blog.sierranortedeguadalajara.com\/index.php?rest_route=\/wp\/v2\/posts\/14786\/revisions"}],"predecessor-version":[{"id":28490,"href":"https:\/\/blog.sierranortedeguadalajara.com\/index.php?rest_route=\/wp\/v2\/posts\/14786\/revisions\/28490"}],"wp:attachment":[{"href":"https:\/\/blog.sierranortedeguadalajara.com\/index.php?rest_route=%2Fwp%2Fv2%2Fmedia&parent=14786"}],"wp:term":[{"taxonomy":"category","embeddable":true,"href":"https:\/\/blog.sierranortedeguadalajara.com\/index.php?rest_route=%2Fwp%2Fv2%2Fcategories&post=14786"},{"taxonomy":"post_tag","embeddable":true,"href":"https:\/\/blog.sierranortedeguadalajara.com\/index.php?rest_route=%2Fwp%2Fv2%2Ftags&post=14786"}],"curies":[{"name":"wp","href":"https:\/\/api.w.org\/{rel}","templated":true}]}}