{"id":14776,"date":"2014-10-24T00:04:55","date_gmt":"2014-10-23T22:04:55","guid":{"rendered":"http:\/\/blog.laveredadepuebla.com\/?p=14776"},"modified":"2023-02-10T12:20:28","modified_gmt":"2023-02-10T12:20:28","slug":"el-pregon-de-la-sierra-2-014","status":"publish","type":"post","link":"https:\/\/blog.sierranortedeguadalajara.com\/?p=14776","title":{"rendered":"El  preg\u00f3n de la Sierra 2.014"},"content":{"rendered":"<p>Si bien el <a href=\"http:\/\/www.serraniaguadalajara.com\/\"><em><strong>preg\u00f3n se publica integro<\/strong><\/em><\/a>, y a riesgo de ser llamado presuntuoso, no me resisto a esbozar algunos elementos del preg\u00f3n del<a href=\"http:\/\/blog.laveredadepuebla.com\/2014\/10\/10\/vii-dia-de-la-sierra\/\"><em><strong> 18 de octubre<\/strong><\/em><\/a> en <a href=\"http:\/\/blog.laveredadepuebla.com\/2014\/10\/14\/el-cardoso-de-la-sierra\/\"><em><strong>El Cardoso de la Sierra<\/strong><\/em><\/a>, que resultan cuando menos novedosos.<\/p>\n<p><a href=\"https:\/\/laveredadepuebla.files.wordpress.com\/2014\/10\/141024-pregon-1.jpg\"><img loading=\"lazy\" decoding=\"async\" class=\"alignleft wp-image-14777\" src=\"https:\/\/blog.sierranortedeguadalajara.com\/wp-content\/uploads\/2023\/02\/141024-pregon-1.jpg\" alt=\"141024 pregon 1\" width=\"240\" height=\"180\" \/><\/a>Con un toque de trompetilla dio comienzo, ensalzando el noble oficio de pregonero, que hasta los a\u00f1os cincuenta comunicaba a los vecinos los mensajes de la autoridad, con su cantinela habitual y a golpe de trompetilla. Del mismo modo, los que ten\u00edan algo que ofrecer, anunciaban su mercanc\u00eda.<\/p>\n<p>En apenas cinco p\u00e1ginas (15 minutos) dio un repaso a la historia de<a href=\"http:\/\/blog.laveredadepuebla.com\/2011\/04\/01\/parque-natural-sierra-norte-de-guadalajara\/\"><strong><em> la Sierra<\/em><\/strong><\/a>, sus gentes as\u00ed como a los encantos que la hacen atractiva a los visitantes <em>(pueblos abandonados, naturaleza, monumentos, fiestas ancestrales, costumbres, gastronom\u00eda, alojamientos, restaurantes, actividades, \u2026).<\/em><\/p>\n<p>Utilizando un recurso literario <em>\u201cno lo contar\u00e9\u2026 porque yo vengo a hablar del car\u00e1cter de la Sierra y sus gentes\u201d<\/em> cit\u00f3 <a href=\"http:\/\/www.aache.com\/alcarrians\/\"><strong><em>a quienes<\/em><\/strong><\/a> han puesto esfuerzo y sapiencia en resaltar diferentes aspectos de nuestra Sierra: <strong>Luis Monje Arenas, Antonio Herrera Casado, Jos\u00e9 Ram\u00f3n L\u00f3pez de los Mozos, Jos\u00e9 Luis Garc\u00eda de Paz (q.e.p.d.), Tom\u00e1s Gismera, Luis Monje Ciruelo, Jos\u00e9 Antonio Alonso, Jos\u00e9 Serrano Belinch\u00f3n, \u2026<a href=\"https:\/\/laveredadepuebla.files.wordpress.com\/2014\/10\/141024-pregon-2.jpg\"><img loading=\"lazy\" decoding=\"async\" class=\"alignright size-medium wp-image-14778\" src=\"https:\/\/blog.sierranortedeguadalajara.com\/wp-content\/uploads\/2023\/02\/141024-pregon-2.jpg\" alt=\"141024 pregon 2\" width=\"300\" height=\"225\" \/><\/a><\/strong><\/p>\n<p>El preg\u00f3n terminaba diciendo que <em>\u201cpobladores, vecinos permanentes y de fin semana, hijos de la tierra y for\u00e1neos, amigos y turistas, llegados en diferentes oleadas, somos la gente de la Sierra\u201d<\/em>. Un espacio abierto a todos los que compartan nuestros valores: <strong>respeto al medio ambiente y a nuestro patrimonio, amor a las tradiciones y con la hospitalidad como estandarte.<\/strong><br \/>\n<em><strong>Lar-ami<\/strong><\/em><\/p>\n","protected":false},"excerpt":{"rendered":"<p>Si bien el preg\u00f3n se publica integro, y a riesgo de ser llamado presuntuoso, no me resisto a esbozar algunos elementos del preg\u00f3n del 18 de octubre en El Cardoso de la Sierra, que resultan cuando menos novedosos. Con un toque de trompetilla dio comienzo, ensalzando el noble oficio de pregonero, que hasta los a\u00f1os &hellip; <\/p>\n<p class=\"link-more\"><a href=\"https:\/\/blog.sierranortedeguadalajara.com\/?p=14776\" class=\"more-link\">Seguir leyendo<span class=\"screen-reader-text\"> \u00abEl  preg\u00f3n de la Sierra 2.014\u00bb<\/span><\/a><\/p>\n","protected":false},"author":1,"featured_media":0,"comment_status":"open","ping_status":"open","sticky":false,"template":"","format":"standard","meta":{"footnotes":""},"categories":[12,42,15],"tags":[2,100,4,7,10],"class_list":["post-14776","post","type-post","status-publish","format-standard","hentry","category-actualidad","category-fiestas-y-eventos","category-rincones-de-guadalajara","tag-actualidad","tag-costumbres-y-tradiciones","tag-cultura","tag-naturaleza","tag-sierra-norte","entry"],"_links":{"self":[{"href":"https:\/\/blog.sierranortedeguadalajara.com\/index.php?rest_route=\/wp\/v2\/posts\/14776","targetHints":{"allow":["GET"]}}],"collection":[{"href":"https:\/\/blog.sierranortedeguadalajara.com\/index.php?rest_route=\/wp\/v2\/posts"}],"about":[{"href":"https:\/\/blog.sierranortedeguadalajara.com\/index.php?rest_route=\/wp\/v2\/types\/post"}],"author":[{"embeddable":true,"href":"https:\/\/blog.sierranortedeguadalajara.com\/index.php?rest_route=\/wp\/v2\/users\/1"}],"replies":[{"embeddable":true,"href":"https:\/\/blog.sierranortedeguadalajara.com\/index.php?rest_route=%2Fwp%2Fv2%2Fcomments&post=14776"}],"version-history":[{"count":1,"href":"https:\/\/blog.sierranortedeguadalajara.com\/index.php?rest_route=\/wp\/v2\/posts\/14776\/revisions"}],"predecessor-version":[{"id":28544,"href":"https:\/\/blog.sierranortedeguadalajara.com\/index.php?rest_route=\/wp\/v2\/posts\/14776\/revisions\/28544"}],"wp:attachment":[{"href":"https:\/\/blog.sierranortedeguadalajara.com\/index.php?rest_route=%2Fwp%2Fv2%2Fmedia&parent=14776"}],"wp:term":[{"taxonomy":"category","embeddable":true,"href":"https:\/\/blog.sierranortedeguadalajara.com\/index.php?rest_route=%2Fwp%2Fv2%2Fcategories&post=14776"},{"taxonomy":"post_tag","embeddable":true,"href":"https:\/\/blog.sierranortedeguadalajara.com\/index.php?rest_route=%2Fwp%2Fv2%2Ftags&post=14776"}],"curies":[{"name":"wp","href":"https:\/\/api.w.org\/{rel}","templated":true}]}}