{"id":14770,"date":"2014-10-23T00:05:39","date_gmt":"2014-10-22T22:05:39","guid":{"rendered":"http:\/\/blog.laveredadepuebla.com\/?p=14770"},"modified":"2023-02-10T12:20:29","modified_gmt":"2023-02-10T12:20:29","slug":"viva-la-sierra-viva","status":"publish","type":"post","link":"https:\/\/blog.sierranortedeguadalajara.com\/?p=14770","title":{"rendered":"\u00a1Viva la Sierra viva!"},"content":{"rendered":"<p><a href=\"https:\/\/laveredadepuebla.files.wordpress.com\/2014\/10\/141023-viva-1.jpg\"><img loading=\"lazy\" decoding=\"async\" class=\"alignleft wp-image-14771\" src=\"https:\/\/blog.sierranortedeguadalajara.com\/wp-content\/uploads\/2023\/02\/141023-viva-1.jpg\" alt=\"141023 viva 1\" width=\"240\" height=\"180\" \/><\/a>El eslogan de <a href=\"http:\/\/www.serraniaguadalajara.com\/\"><strong><em>La Serran\u00eda<\/em> <\/strong><\/a>son\u00f3 con fuerza en <a href=\"http:\/\/blog.laveredadepuebla.com\/2014\/10\/14\/el-cardoso-de-la-sierra\/\"><em><strong>El Cardoso de la Sierra<\/strong><\/em><\/a>, con motivo del <a href=\"http:\/\/blog.laveredadepuebla.com\/2014\/10\/10\/vii-dia-de-la-sierra\/\"><em><strong>VII D\u00eda de la Sierra<\/strong><\/em><\/a>. Por una vez, este hermoso pueblo se convirti\u00f3 en el m\u00e1s poblado de la <a href=\"http:\/\/blog.laveredadepuebla.com\/2011\/04\/01\/parque-natural-sierra-norte-de-guadalajara\/\"><em><strong>Sierra Norte de Guadalajara<\/strong><\/em><\/a>, con m\u00e1s de <a href=\"http:\/\/www.guadaque.com\/provincia-guadaque\/item\/16034-cerca-de-1-000-personas-en-el-vii-dia-de-la-sierra.html\"><em><strong>900 visitantes<\/strong><\/em><\/a>. Perm\u00edtannos resaltar aspectos que llamaron nuestra atenci\u00f3n:<\/p>\n<ul>\n<li>Las mujeres del Cardoso, ataviadas con el traje tradicional (con faldriquera y zapatillas de esparto), que ofrec\u00edan al visitante vino y rosquillas hechas por ellas.<\/li>\n<li>La actitud de los pol\u00edticos del partido dominante (1 senador, 1 diputada nacional, 2 diputados provinciales,\u2026), que aguantaron impert\u00e9rritos las criticas desde la tribuna sobre los recortes. Luego, sus palabras sonaron a una especie de disculpa.<\/li>\n<li>El preg\u00f3n, con trompetilla y algo diferente a lo habitual, fue escuchado atentamente por las autoridades, expectantes ante nuevas cr\u00edticas, que no se produjeron. <a href=\"https:\/\/laveredadepuebla.files.wordpress.com\/2014\/10\/141023-viva-2.jpg\"><img loading=\"lazy\" decoding=\"async\" class=\"alignright size-thumbnail wp-image-14772\" src=\"https:\/\/blog.sierranortedeguadalajara.com\/wp-content\/uploads\/2023\/02\/141023-viva-2.jpg\" alt=\"141023 viva 2\" width=\"150\" height=\"112\" \/><\/a><\/li>\n<li>Los integrantes de la <a href=\"http:\/\/blog.laveredadepuebla.com\/2014\/09\/23\/hay-que-salvar-bonaval\/\"><em><strong>Plataforma SOS Bonaval<\/strong><\/em><\/a>, serrano del a\u00f1o, que aprovecharon para reivindicar desde la tribuna la consolidaci\u00f3n del <a href=\"http:\/\/www.laveredadepuebla.com\/rutasypueblos\/bonaval.pdf\"><em><strong>Monasterio de Bonaval<\/strong><\/em><\/a>.<\/li>\n<li>La actuaci\u00f3n del grupo de danzantes de la Sierra pobre de Madrid, que bailaron seguidillas, serranas, jotas, \u2026 con una est\u00e9tica preciosista.<a href=\"https:\/\/laveredadepuebla.files.wordpress.com\/2014\/10\/141023-viva-3.jpg\"><img loading=\"lazy\" decoding=\"async\" class=\"alignright size-thumbnail wp-image-14773\" src=\"https:\/\/blog.sierranortedeguadalajara.com\/wp-content\/uploads\/2023\/02\/141023-viva-3.jpg\" alt=\"141023 viva 3\" width=\"150\" height=\"112\" \/><\/a><\/li>\n<li>Los <a href=\"https:\/\/www.facebook.com\/groups\/sierranorteguadalajara\/?fref=ts\"><strong><em>chicos de Boc\u00edgano<\/em><\/strong><\/a> que hicieron una exhibici\u00f3n de su Mach\u00e1, que nos pareci\u00f3 espectacular.<\/li>\n<li>Algunos tenderetes de la calle mayor ofrec\u00edan productos \u00fanicos: miel en panal, lajas de pizarra talladas, licores artesanos, nueces y manzanas de la tierra,\u2026<a href=\"https:\/\/laveredadepuebla.files.wordpress.com\/2014\/10\/141023-viva-4.jpg\"><img loading=\"lazy\" decoding=\"async\" class=\"alignright wp-image-14774\" src=\"https:\/\/blog.sierranortedeguadalajara.com\/wp-content\/uploads\/2023\/02\/141023-viva-4.jpg\" alt=\"141023 viva 4\" width=\"240\" height=\"180\" \/><\/a><\/li>\n<li>La exhibici\u00f3n de folclore serrano de grupos amateurs, con panaderas, jotas, \u2026 que sonaron aut\u00e9nticas y fueron bailadas en grupo los visitantes.<\/li>\n<\/ul>\n<p>Un \u00e9xito; dicen que por el buen tiempo. Muchos pensamos que la Sierra tiene mucho que ofrecer. El buen trabajo de los organizadores hizo el resto. Un d\u00eda inolvidable.<\/p>\n<p><strong><em>Lar-ami<\/em><\/strong><\/p>\n","protected":false},"excerpt":{"rendered":"<p>El eslogan de La Serran\u00eda son\u00f3 con fuerza en El Cardoso de la Sierra, con motivo del VII D\u00eda de la Sierra. Por una vez, este hermoso pueblo se convirti\u00f3 en el m\u00e1s poblado de la Sierra Norte de Guadalajara, con m\u00e1s de 900 visitantes. Perm\u00edtannos resaltar aspectos que llamaron nuestra atenci\u00f3n: Las mujeres del &hellip; <\/p>\n<p class=\"link-more\"><a href=\"https:\/\/blog.sierranortedeguadalajara.com\/?p=14770\" class=\"more-link\">Seguir leyendo<span class=\"screen-reader-text\"> \u00ab\u00a1Viva la Sierra viva!\u00bb<\/span><\/a><\/p>\n","protected":false},"author":1,"featured_media":0,"comment_status":"open","ping_status":"open","sticky":false,"template":"","format":"standard","meta":{"footnotes":""},"categories":[12,15],"tags":[2,45,4,7,10],"class_list":["post-14770","post","type-post","status-publish","format-standard","hentry","category-actualidad","category-rincones-de-guadalajara","tag-actualidad","tag-bonaval","tag-cultura","tag-naturaleza","tag-sierra-norte","entry"],"_links":{"self":[{"href":"https:\/\/blog.sierranortedeguadalajara.com\/index.php?rest_route=\/wp\/v2\/posts\/14770","targetHints":{"allow":["GET"]}}],"collection":[{"href":"https:\/\/blog.sierranortedeguadalajara.com\/index.php?rest_route=\/wp\/v2\/posts"}],"about":[{"href":"https:\/\/blog.sierranortedeguadalajara.com\/index.php?rest_route=\/wp\/v2\/types\/post"}],"author":[{"embeddable":true,"href":"https:\/\/blog.sierranortedeguadalajara.com\/index.php?rest_route=\/wp\/v2\/users\/1"}],"replies":[{"embeddable":true,"href":"https:\/\/blog.sierranortedeguadalajara.com\/index.php?rest_route=%2Fwp%2Fv2%2Fcomments&post=14770"}],"version-history":[{"count":1,"href":"https:\/\/blog.sierranortedeguadalajara.com\/index.php?rest_route=\/wp\/v2\/posts\/14770\/revisions"}],"predecessor-version":[{"id":28549,"href":"https:\/\/blog.sierranortedeguadalajara.com\/index.php?rest_route=\/wp\/v2\/posts\/14770\/revisions\/28549"}],"wp:attachment":[{"href":"https:\/\/blog.sierranortedeguadalajara.com\/index.php?rest_route=%2Fwp%2Fv2%2Fmedia&parent=14770"}],"wp:term":[{"taxonomy":"category","embeddable":true,"href":"https:\/\/blog.sierranortedeguadalajara.com\/index.php?rest_route=%2Fwp%2Fv2%2Fcategories&post=14770"},{"taxonomy":"post_tag","embeddable":true,"href":"https:\/\/blog.sierranortedeguadalajara.com\/index.php?rest_route=%2Fwp%2Fv2%2Ftags&post=14770"}],"curies":[{"name":"wp","href":"https:\/\/api.w.org\/{rel}","templated":true}]}}