{"id":14764,"date":"2014-10-22T00:05:25","date_gmt":"2014-10-21T22:05:25","guid":{"rendered":"http:\/\/blog.laveredadepuebla.com\/?p=14764"},"modified":"2023-02-10T12:20:30","modified_gmt":"2023-02-10T12:20:30","slug":"otono-en-el-jarama","status":"publish","type":"post","link":"https:\/\/blog.sierranortedeguadalajara.com\/?p=14764","title":{"rendered":"Oto\u00f1o en el Jarama"},"content":{"rendered":"<p><a href=\"https:\/\/laveredadepuebla.files.wordpress.com\/2014\/10\/141022-jarama-otoc3b1o-1.jpg\"><img loading=\"lazy\" decoding=\"async\" class=\"alignright size-medium wp-image-14765\" src=\"https:\/\/blog.sierranortedeguadalajara.com\/wp-content\/uploads\/2023\/02\/141022-jarama-otoc3b1o-1.jpg\" alt=\"141022 jarama oto\u00f1o 1\" width=\"225\" height=\"300\" \/><\/a>Hablar del <a href=\"http:\/\/blog.laveredadepuebla.com\/2010\/10\/24\/el-jarama-en%C2%A0otono\/\"><strong><em>Jarama en oto\u00f1o<\/em> <\/strong><\/a>se ha convertido en un cl\u00e1sico en este blog.<\/p>\n<p>La vegetaci\u00f3n exuberante de sus orillas, el contraste de color, la transparencia del agua, el escaso caudal antes de las lluvias, el alegre c\u00e1ntico de p\u00e1jaros y del agua, \u2026 conforman un hermoso cuadro del que resulta imposible abstraerse.<\/p>\n<p>Uno se siente tan atrapado por este entorno que le resulta dif\u00edcil marcharse. Y cuando se aleja, ya va pensando en volver\u2026<a href=\"https:\/\/laveredadepuebla.files.wordpress.com\/2014\/10\/141022-jarama-otoc3b1o-2.jpg\"><img loading=\"lazy\" decoding=\"async\" class=\"alignright size-large wp-image-14766\" src=\"https:\/\/blog.sierranortedeguadalajara.com\/wp-content\/uploads\/2023\/02\/141022-jarama-otoc3b1o-2.jpg\" alt=\"141022 jarama oto\u00f1o 2\" width=\"500\" height=\"375\" \/><\/a><br \/>\n<strong><em>Lar-ami<\/em><\/strong><\/p>\n","protected":false},"excerpt":{"rendered":"<p>Hablar del Jarama en oto\u00f1o se ha convertido en un cl\u00e1sico en este blog. La vegetaci\u00f3n exuberante de sus orillas, el contraste de color, la transparencia del agua, el escaso caudal antes de las lluvias, el alegre c\u00e1ntico de p\u00e1jaros y del agua, \u2026 conforman un hermoso cuadro del que resulta imposible abstraerse. Uno se &hellip; <\/p>\n<p class=\"link-more\"><a href=\"https:\/\/blog.sierranortedeguadalajara.com\/?p=14764\" class=\"more-link\">Seguir leyendo<span class=\"screen-reader-text\"> \u00abOto\u00f1o en el Jarama\u00bb<\/span><\/a><\/p>\n","protected":false},"author":1,"featured_media":0,"comment_status":"open","ping_status":"open","sticky":false,"template":"","format":"standard","meta":{"footnotes":""},"categories":[12,9],"tags":[2,35,7],"class_list":["post-14764","post","type-post","status-publish","format-standard","hentry","category-actualidad","category-rincones-de-la-sierra-norte","tag-actualidad","tag-jarama","tag-naturaleza","entry"],"_links":{"self":[{"href":"https:\/\/blog.sierranortedeguadalajara.com\/index.php?rest_route=\/wp\/v2\/posts\/14764","targetHints":{"allow":["GET"]}}],"collection":[{"href":"https:\/\/blog.sierranortedeguadalajara.com\/index.php?rest_route=\/wp\/v2\/posts"}],"about":[{"href":"https:\/\/blog.sierranortedeguadalajara.com\/index.php?rest_route=\/wp\/v2\/types\/post"}],"author":[{"embeddable":true,"href":"https:\/\/blog.sierranortedeguadalajara.com\/index.php?rest_route=\/wp\/v2\/users\/1"}],"replies":[{"embeddable":true,"href":"https:\/\/blog.sierranortedeguadalajara.com\/index.php?rest_route=%2Fwp%2Fv2%2Fcomments&post=14764"}],"version-history":[{"count":1,"href":"https:\/\/blog.sierranortedeguadalajara.com\/index.php?rest_route=\/wp\/v2\/posts\/14764\/revisions"}],"predecessor-version":[{"id":28552,"href":"https:\/\/blog.sierranortedeguadalajara.com\/index.php?rest_route=\/wp\/v2\/posts\/14764\/revisions\/28552"}],"wp:attachment":[{"href":"https:\/\/blog.sierranortedeguadalajara.com\/index.php?rest_route=%2Fwp%2Fv2%2Fmedia&parent=14764"}],"wp:term":[{"taxonomy":"category","embeddable":true,"href":"https:\/\/blog.sierranortedeguadalajara.com\/index.php?rest_route=%2Fwp%2Fv2%2Fcategories&post=14764"},{"taxonomy":"post_tag","embeddable":true,"href":"https:\/\/blog.sierranortedeguadalajara.com\/index.php?rest_route=%2Fwp%2Fv2%2Ftags&post=14764"}],"curies":[{"name":"wp","href":"https:\/\/api.w.org\/{rel}","templated":true}]}}