{"id":14717,"date":"2014-10-13T00:05:40","date_gmt":"2014-10-12T22:05:40","guid":{"rendered":"http:\/\/blog.laveredadepuebla.com\/?p=14717"},"modified":"2023-02-10T12:20:36","modified_gmt":"2023-02-10T12:20:36","slug":"la-ampliacion-de-la-iglesia-de-almiruete","status":"publish","type":"post","link":"https:\/\/blog.sierranortedeguadalajara.com\/?p=14717","title":{"rendered":"La ampliaci\u00f3n de la iglesia de Almiruete"},"content":{"rendered":"<p>El templo inicial, <a href=\"http:\/\/blog.laveredadepuebla.com\/2014\/10\/06\/el-romanico-en-la-iglesia-de-almiruete\/\"><em><strong>rom\u00e1nico en origen,<\/strong><\/em><\/a> fue ampliado en el siglo XVI. Tal y como se realiz\u00f3, esta debi\u00f3 ser una \u00e9poca de prosperidad para <a href=\"http:\/\/www.laveredadepuebla.com\/rutasypueblos\/almiruete.pdf\"><em><strong>Almiruete.<\/strong><\/em><\/a><\/p>\n<ul>\n<li>Se a\u00f1adieron dos naves laterales, separadas de la central por arcos de medio punto, que obligaron a modificar la fachada.<a href=\"https:\/\/laveredadepuebla.files.wordpress.com\/2014\/10\/2-ampliacion-1.jpg\"><img loading=\"lazy\" decoding=\"async\" class=\"alignright wp-image-14718\" src=\"https:\/\/blog.sierranortedeguadalajara.com\/wp-content\/uploads\/2023\/02\/2-ampliacion-1.jpg\" alt=\"2 ampliacion 1\" width=\"158\" height=\"210\" \/><\/a><\/li>\n<li>Junto al presbiterio se a\u00f1adi\u00f3 la sacrist\u00eda y un peque\u00f1o cuarto que hacia de osario.<\/li>\n<li>Se construyeron nuevos muros laterales reutilizando materiales, donde se incrustaron elementos originales: cornisas, portada, \u2026<\/li>\n<li>Se instal\u00f3 una puerta de madera con herrajes de gran belleza (lo contaremos).<\/li>\n<li>Se conserv\u00f3 la b\u00f3veda de medio ca\u00f1\u00f3n en la nave central y se conserv\u00f3 el tejado a dos aguas colocando vigas de madera como soportes laterales.<\/li>\n<li>Se recreci\u00f3 la espada\u00f1a con sillares sobre mamposter\u00eda (recuerda a la de <a href=\"http:\/\/blog.laveredadepuebla.com\/2009\/11\/10\/iglesia-de-santa-maria-del-vado\/\"><em><strong>Santa Mar\u00eda del Vado<\/strong><\/em><\/a>)<\/li>\n<li>Para el suelo se utiliz\u00f3 barro cocido del mismo tipo que en la nave central y se conserv\u00f3 el original (hablaremos de ello).<\/li>\n<li><a href=\"https:\/\/laveredadepuebla.files.wordpress.com\/2014\/10\/2-ampliacion-2.jpg\"><img loading=\"lazy\" decoding=\"async\" class=\"alignright wp-image-14719\" src=\"https:\/\/blog.sierranortedeguadalajara.com\/wp-content\/uploads\/2023\/02\/2-ampliacion-2.jpg\" alt=\"2 ampliacion 2\" width=\"210\" height=\"158\" \/><\/a>El encalado de los muros interiores (costumbre del siglo XVIII como desinfecci\u00f3n de la peste) oculta pinturas al fresco, algunas visibles (geom\u00e9tricas) y otras posiblemente rom\u00e1nicas (esas que el Plan del Rom\u00e1nico deb\u00eda sacar a la luz).<\/li>\n<\/ul>\n<p>El p\u00f3rtico data del siglo XIX y est\u00e1 sobre el antiguo cementerio, como demuestra la l\u00e1pida incrustada en el suelo frente a la portada.<\/p>\n<p><em><strong>Lar-ami<\/strong><\/em><\/p>\n","protected":false},"excerpt":{"rendered":"<p>El templo inicial, rom\u00e1nico en origen, fue ampliado en el siglo XVI. Tal y como se realiz\u00f3, esta debi\u00f3 ser una \u00e9poca de prosperidad para Almiruete. Se a\u00f1adieron dos naves laterales, separadas de la central por arcos de medio punto, que obligaron a modificar la fachada. Junto al presbiterio se a\u00f1adi\u00f3 la sacrist\u00eda y un &hellip; <\/p>\n<p class=\"link-more\"><a href=\"https:\/\/blog.sierranortedeguadalajara.com\/?p=14717\" class=\"more-link\">Seguir leyendo<span class=\"screen-reader-text\"> \u00abLa ampliaci\u00f3n de la iglesia de Almiruete\u00bb<\/span><\/a><\/p>\n","protected":false},"author":1,"featured_media":0,"comment_status":"open","ping_status":"open","sticky":false,"template":"","format":"standard","meta":{"footnotes":""},"categories":[12,9],"tags":[2,70,4,5,55,50],"class_list":["post-14717","post","type-post","status-publish","format-standard","hentry","category-actualidad","category-rincones-de-la-sierra-norte","tag-actualidad","tag-almiruete","tag-cultura","tag-historia","tag-romanico","tag-siglo-xvi","entry"],"_links":{"self":[{"href":"https:\/\/blog.sierranortedeguadalajara.com\/index.php?rest_route=\/wp\/v2\/posts\/14717","targetHints":{"allow":["GET"]}}],"collection":[{"href":"https:\/\/blog.sierranortedeguadalajara.com\/index.php?rest_route=\/wp\/v2\/posts"}],"about":[{"href":"https:\/\/blog.sierranortedeguadalajara.com\/index.php?rest_route=\/wp\/v2\/types\/post"}],"author":[{"embeddable":true,"href":"https:\/\/blog.sierranortedeguadalajara.com\/index.php?rest_route=\/wp\/v2\/users\/1"}],"replies":[{"embeddable":true,"href":"https:\/\/blog.sierranortedeguadalajara.com\/index.php?rest_route=%2Fwp%2Fv2%2Fcomments&post=14717"}],"version-history":[{"count":1,"href":"https:\/\/blog.sierranortedeguadalajara.com\/index.php?rest_route=\/wp\/v2\/posts\/14717\/revisions"}],"predecessor-version":[{"id":28577,"href":"https:\/\/blog.sierranortedeguadalajara.com\/index.php?rest_route=\/wp\/v2\/posts\/14717\/revisions\/28577"}],"wp:attachment":[{"href":"https:\/\/blog.sierranortedeguadalajara.com\/index.php?rest_route=%2Fwp%2Fv2%2Fmedia&parent=14717"}],"wp:term":[{"taxonomy":"category","embeddable":true,"href":"https:\/\/blog.sierranortedeguadalajara.com\/index.php?rest_route=%2Fwp%2Fv2%2Fcategories&post=14717"},{"taxonomy":"post_tag","embeddable":true,"href":"https:\/\/blog.sierranortedeguadalajara.com\/index.php?rest_route=%2Fwp%2Fv2%2Ftags&post=14717"}],"curies":[{"name":"wp","href":"https:\/\/api.w.org\/{rel}","templated":true}]}}