{"id":14713,"date":"2014-10-10T00:05:05","date_gmt":"2014-10-09T22:05:05","guid":{"rendered":"http:\/\/blog.laveredadepuebla.com\/?p=14713"},"modified":"2023-02-10T12:20:36","modified_gmt":"2023-02-10T12:20:36","slug":"vii-dia-de-la-sierra","status":"publish","type":"post","link":"https:\/\/blog.sierranortedeguadalajara.com\/?p=14713","title":{"rendered":"VII Dia de la Sierra"},"content":{"rendered":"<p>Este a\u00f1o la <a href=\"http:\/\/blog.laveredadepuebla.com\/2011\/04\/01\/parque-natural-sierra-norte-de-guadalajara\/\"><em><strong>Sierra Norte de Guadalajara<\/strong><\/em><\/a> celebra su fiesta m\u00e1s emblem\u00e1tica el 18 de octubre en <a href=\"http:\/\/cardosodelasierra.com\/\"><em><strong>El Cardoso de la Sierra<\/strong><\/em><\/a>, organizado por la <a href=\"http:\/\/www.serraniaguadalajara.com\/\"><em><strong>Asociaci\u00f3n cultural La Serran\u00eda<\/strong><\/em><\/a>. Un d\u00eda festivo y serrano para toda la familia, lleno de actividades \u00fanicas, diferentes, \u2026<em> a bajo coste.<\/em><\/p>\n<p><em><a href=\"https:\/\/laveredadepuebla.files.wordpress.com\/2014\/10\/141010-vii-dc3ada-de-la-sierra-001.jpg\"><img loading=\"lazy\" decoding=\"async\" class=\"aligncenter size-large wp-image-14714\" src=\"https:\/\/blog.sierranortedeguadalajara.com\/wp-content\/uploads\/2023\/02\/141010-vii-dc3ada-de-la-sierra-001.jpg\" alt=\"141010 VII d\u00eda de la sierra-001\" width=\"500\" height=\"707\" \/><\/a><\/em><\/p>\n<p>La <a href=\"http:\/\/blog.laveredadepuebla.com\/2014\/09\/23\/hay-que-salvar-bonaval\/\"><em><strong>Plataforma Salvar Bonaval<\/strong> <\/em><\/a>ha sido elegida <strong>\u201cserrano del a\u00f1o\u201d<\/strong> y el <strong>autor de este blog dar\u00e1 el preg\u00f3n<\/strong>. Todo un honor, y un placer que espero compartir con todos vosotros.<\/p>\n<p><strong><em>Lar-ami<\/em><\/strong><\/p>\n","protected":false},"excerpt":{"rendered":"<p>Este a\u00f1o la Sierra Norte de Guadalajara celebra su fiesta m\u00e1s emblem\u00e1tica el 18 de octubre en El Cardoso de la Sierra, organizado por la Asociaci\u00f3n cultural La Serran\u00eda. Un d\u00eda festivo y serrano para toda la familia, lleno de actividades \u00fanicas, diferentes, \u2026 a bajo coste. La Plataforma Salvar Bonaval ha sido elegida \u201cserrano &hellip; <\/p>\n<p class=\"link-more\"><a href=\"https:\/\/blog.sierranortedeguadalajara.com\/?p=14713\" class=\"more-link\">Seguir leyendo<span class=\"screen-reader-text\"> \u00abVII Dia de la Sierra\u00bb<\/span><\/a><\/p>\n","protected":false},"author":1,"featured_media":0,"comment_status":"open","ping_status":"open","sticky":false,"template":"","format":"standard","meta":{"footnotes":""},"categories":[12,42,6],"tags":[2,100,4,5,7,10],"class_list":["post-14713","post","type-post","status-publish","format-standard","hentry","category-actualidad","category-fiestas-y-eventos","category-mundo-rural","tag-actualidad","tag-costumbres-y-tradiciones","tag-cultura","tag-historia","tag-naturaleza","tag-sierra-norte","entry"],"_links":{"self":[{"href":"https:\/\/blog.sierranortedeguadalajara.com\/index.php?rest_route=\/wp\/v2\/posts\/14713","targetHints":{"allow":["GET"]}}],"collection":[{"href":"https:\/\/blog.sierranortedeguadalajara.com\/index.php?rest_route=\/wp\/v2\/posts"}],"about":[{"href":"https:\/\/blog.sierranortedeguadalajara.com\/index.php?rest_route=\/wp\/v2\/types\/post"}],"author":[{"embeddable":true,"href":"https:\/\/blog.sierranortedeguadalajara.com\/index.php?rest_route=\/wp\/v2\/users\/1"}],"replies":[{"embeddable":true,"href":"https:\/\/blog.sierranortedeguadalajara.com\/index.php?rest_route=%2Fwp%2Fv2%2Fcomments&post=14713"}],"version-history":[{"count":1,"href":"https:\/\/blog.sierranortedeguadalajara.com\/index.php?rest_route=\/wp\/v2\/posts\/14713\/revisions"}],"predecessor-version":[{"id":28579,"href":"https:\/\/blog.sierranortedeguadalajara.com\/index.php?rest_route=\/wp\/v2\/posts\/14713\/revisions\/28579"}],"wp:attachment":[{"href":"https:\/\/blog.sierranortedeguadalajara.com\/index.php?rest_route=%2Fwp%2Fv2%2Fmedia&parent=14713"}],"wp:term":[{"taxonomy":"category","embeddable":true,"href":"https:\/\/blog.sierranortedeguadalajara.com\/index.php?rest_route=%2Fwp%2Fv2%2Fcategories&post=14713"},{"taxonomy":"post_tag","embeddable":true,"href":"https:\/\/blog.sierranortedeguadalajara.com\/index.php?rest_route=%2Fwp%2Fv2%2Ftags&post=14713"}],"curies":[{"name":"wp","href":"https:\/\/api.w.org\/{rel}","templated":true}]}}