{"id":14708,"date":"2014-10-09T00:05:51","date_gmt":"2014-10-08T22:05:51","guid":{"rendered":"http:\/\/blog.laveredadepuebla.com\/?p=14708"},"modified":"2023-02-10T12:20:37","modified_gmt":"2023-02-10T12:20:37","slug":"de-los-alisos","status":"publish","type":"post","link":"https:\/\/blog.sierranortedeguadalajara.com\/?p=14708","title":{"rendered":"De los alisos\u2026"},"content":{"rendered":"<p><a href=\"https:\/\/laveredadepuebla.files.wordpress.com\/2014\/10\/alisos-1.jpg\"><img loading=\"lazy\" decoding=\"async\" class=\"alignright wp-image-14709\" src=\"https:\/\/blog.sierranortedeguadalajara.com\/wp-content\/uploads\/2023\/02\/alisos-1.jpg\" alt=\"alisos 1\" width=\"158\" height=\"210\" \/><\/a>\u2026 ya hemos<a href=\"http:\/\/blog.laveredadepuebla.com\/2012\/12\/31\/alisos\/\"><em><strong> hablado largo y tendido<\/strong> <\/em><\/a>en otra ocasi\u00f3n, resaltando cuanto bien hacen a nuestros r\u00edos y arroyos, sujetando la erosi\u00f3n de sus orillas. <a href=\"http:\/\/blog.laveredadepuebla.com\/2009\/08\/27\/rio-jarama\/\"><em><strong>El Jarama<\/strong> <\/em><\/a>disfruta de ellos en ambas m\u00e1rgenes, creando un paisaje espectacular.<\/p>\n<p>Los alisos, esos <a href=\"http:\/\/losarbolesinvisibles.com\/tag\/aliso\/\"><em><strong>\u00e1rboles invisibles<\/strong> <\/em><\/a>que parece que no est\u00e1n, en el oto\u00f1o florecen y las gotas de lluvia ba\u00f1an sus flores creando <a href=\"http:\/\/blog.laveredadepuebla.com\/2014\/09\/30\/perlas-al-natural\/\"><em><strong>perlas de bella factura<\/strong><\/em><\/a>.<\/p>\n<p><a href=\"https:\/\/laveredadepuebla.files.wordpress.com\/2014\/10\/alisos-3.jpg\"><img loading=\"lazy\" decoding=\"async\" class=\"alignleft size-thumbnail wp-image-14710\" src=\"https:\/\/blog.sierranortedeguadalajara.com\/wp-content\/uploads\/2023\/02\/alisos-3.jpg\" alt=\"alisos 3\" width=\"150\" height=\"112\" \/><\/a>Y perm\u00edtanme que insista sobre como protegen ante la erosi\u00f3n: hasta sujetan las piedras desprendidas del acantilado, para luego envolverlas con sus ra\u00edces.<\/p>\n<p><a href=\"https:\/\/laveredadepuebla.files.wordpress.com\/2014\/10\/alisos-2.jpg\"><img loading=\"lazy\" decoding=\"async\" class=\"alignright wp-image-14711\" src=\"https:\/\/blog.sierranortedeguadalajara.com\/wp-content\/uploads\/2023\/02\/alisos-2.jpg\" alt=\"alisos 2\" width=\"180\" height=\"135\" \/><\/a>No os sorprenda la pasi\u00f3n que los alisos despiertan en estas <a href=\"http:\/\/es.youtube.com\/watch?v=7GW8Ykv6Z9s\"><em><strong>tierras tan erosionadas<\/strong><\/em><\/a>. Y si paseas por las orillas de nuestro r\u00edo y los observas, t\u00fa tambi\u00e9n te apasionar\u00e1s.<\/p>\n<p><em><strong>Lar-ami<\/strong><\/em><\/p>\n","protected":false},"excerpt":{"rendered":"<p>\u2026 ya hemos hablado largo y tendido en otra ocasi\u00f3n, resaltando cuanto bien hacen a nuestros r\u00edos y arroyos, sujetando la erosi\u00f3n de sus orillas. El Jarama disfruta de ellos en ambas m\u00e1rgenes, creando un paisaje espectacular. Los alisos, esos \u00e1rboles invisibles que parece que no est\u00e1n, en el oto\u00f1o florecen y las gotas de &hellip; <\/p>\n<p class=\"link-more\"><a href=\"https:\/\/blog.sierranortedeguadalajara.com\/?p=14708\" class=\"more-link\">Seguir leyendo<span class=\"screen-reader-text\"> \u00abDe los alisos\u2026\u00bb<\/span><\/a><\/p>\n","protected":false},"author":1,"featured_media":0,"comment_status":"open","ping_status":"open","sticky":false,"template":"","format":"standard","meta":{"footnotes":""},"categories":[12,9],"tags":[2,4,145,7],"class_list":["post-14708","post","type-post","status-publish","format-standard","hentry","category-actualidad","category-rincones-de-la-sierra-norte","tag-actualidad","tag-cultura","tag-la-ribera","tag-naturaleza","entry"],"_links":{"self":[{"href":"https:\/\/blog.sierranortedeguadalajara.com\/index.php?rest_route=\/wp\/v2\/posts\/14708","targetHints":{"allow":["GET"]}}],"collection":[{"href":"https:\/\/blog.sierranortedeguadalajara.com\/index.php?rest_route=\/wp\/v2\/posts"}],"about":[{"href":"https:\/\/blog.sierranortedeguadalajara.com\/index.php?rest_route=\/wp\/v2\/types\/post"}],"author":[{"embeddable":true,"href":"https:\/\/blog.sierranortedeguadalajara.com\/index.php?rest_route=\/wp\/v2\/users\/1"}],"replies":[{"embeddable":true,"href":"https:\/\/blog.sierranortedeguadalajara.com\/index.php?rest_route=%2Fwp%2Fv2%2Fcomments&post=14708"}],"version-history":[{"count":1,"href":"https:\/\/blog.sierranortedeguadalajara.com\/index.php?rest_route=\/wp\/v2\/posts\/14708\/revisions"}],"predecessor-version":[{"id":28583,"href":"https:\/\/blog.sierranortedeguadalajara.com\/index.php?rest_route=\/wp\/v2\/posts\/14708\/revisions\/28583"}],"wp:attachment":[{"href":"https:\/\/blog.sierranortedeguadalajara.com\/index.php?rest_route=%2Fwp%2Fv2%2Fmedia&parent=14708"}],"wp:term":[{"taxonomy":"category","embeddable":true,"href":"https:\/\/blog.sierranortedeguadalajara.com\/index.php?rest_route=%2Fwp%2Fv2%2Fcategories&post=14708"},{"taxonomy":"post_tag","embeddable":true,"href":"https:\/\/blog.sierranortedeguadalajara.com\/index.php?rest_route=%2Fwp%2Fv2%2Ftags&post=14708"}],"curies":[{"name":"wp","href":"https:\/\/api.w.org\/{rel}","templated":true}]}}