{"id":14675,"date":"2014-10-02T00:05:56","date_gmt":"2014-10-01T22:05:56","guid":{"rendered":"http:\/\/blog.laveredadepuebla.com\/?p=14675"},"modified":"2023-02-10T12:20:41","modified_gmt":"2023-02-10T12:20:41","slug":"cuantas-entradas-tiene-un-hormiguero","status":"publish","type":"post","link":"https:\/\/blog.sierranortedeguadalajara.com\/?p=14675","title":{"rendered":"\u00bfCu\u00e1ntas entradas tiene un hormiguero?"},"content":{"rendered":"<p><a href=\"https:\/\/laveredadepuebla.files.wordpress.com\/2014\/10\/141002-cuantas-e1.jpg\"><img loading=\"lazy\" decoding=\"async\" class=\"alignright wp-image-14677\" src=\"https:\/\/blog.sierranortedeguadalajara.com\/wp-content\/uploads\/2023\/02\/141002-cuantas-e1.jpg\" alt=\"141002 cuantas e1\" width=\"210\" height=\"158\" \/><\/a>Como dir\u00eda un castizo\u2026<strong><em><span style=\"text-decoration:underline;\"> \u00a1Depende!<\/span><\/em><\/strong><\/p>\n<p>\u00bfDe qu\u00e9 depende? De la \u00e9poca del a\u00f1o y de la fase de cr\u00eda de las hormigas. Me explico:<\/p>\n<p><a href=\"https:\/\/laveredadepuebla.files.wordpress.com\/2014\/10\/141002-cuantas-e2.jpg\"><img loading=\"lazy\" decoding=\"async\" class=\"alignleft wp-image-14681\" src=\"https:\/\/blog.sierranortedeguadalajara.com\/wp-content\/uploads\/2023\/02\/141002-cuantas-e2.jpg\" alt=\"141002 cuantas e2\" width=\"210\" height=\"158\" \/><\/a>Habitualmente, desde <a href=\"http:\/\/blog.laveredadepuebla.com\/2013\/05\/15\/preparando-el-hormiguero\/\"><em><strong>la primavera<\/strong><\/em><\/a> hasta <a href=\"http:\/\/blog.laveredadepuebla.com\/2009\/11\/01\/hormigas\/\"><em><strong>el oto\u00f1o<\/strong><\/em><\/a> basta con una \u00f3 dos bocas de entrada\/salida. Pero a finales de septiembre, con las primeras lluvias su n\u00famero aumenta. Tanto que la zona alrededor de las entradas originales parece un colador. <span style=\"text-decoration:underline;\"><strong><em>\u00bfLa raz\u00f3n?<\/em><\/strong><\/span><\/p>\n<p><a href=\"https:\/\/laveredadepuebla.files.wordpress.com\/2014\/10\/141002-cuantas-e3.jpg\"><img loading=\"lazy\" decoding=\"async\" class=\"alignright wp-image-14679\" src=\"https:\/\/blog.sierranortedeguadalajara.com\/wp-content\/uploads\/2023\/02\/141002-cuantas-e3.jpg\" alt=\"141002 cuantas e3\" width=\"210\" height=\"158\" \/><\/a>Las obreras est\u00e1n preparando el terreno para que<a href=\"http:\/\/blog.laveredadepuebla.com\/2012\/10\/08\/aluas-hormigas-aladas\/\"><em><strong> las al\u00faas<\/strong> <\/em><\/a>salgan r\u00e1pidamente en busca de nuevas colonias. Y ya se sabe que cada reina necesita su puerta. Una curiosidad m\u00e1s que puedes contemplar en estos d\u00edas de oto\u00f1o en <a href=\"http:\/\/www.laveredadepuebla.com\/rutasypueblos.htm\"><em><strong>La Ribera<\/strong><\/em><\/a>.<\/p>\n<p><em><strong>Lar-ami<\/strong><\/em><\/p>\n","protected":false},"excerpt":{"rendered":"<p>Como dir\u00eda un castizo\u2026 \u00a1Depende! \u00bfDe qu\u00e9 depende? De la \u00e9poca del a\u00f1o y de la fase de cr\u00eda de las hormigas. Me explico: Habitualmente, desde la primavera hasta el oto\u00f1o basta con una \u00f3 dos bocas de entrada\/salida. Pero a finales de septiembre, con las primeras lluvias su n\u00famero aumenta. Tanto que la zona &hellip; <\/p>\n<p class=\"link-more\"><a href=\"https:\/\/blog.sierranortedeguadalajara.com\/?p=14675\" class=\"more-link\">Seguir leyendo<span class=\"screen-reader-text\"> \u00ab\u00bfCu\u00e1ntas entradas tiene un hormiguero?\u00bb<\/span><\/a><\/p>\n","protected":false},"author":1,"featured_media":0,"comment_status":"open","ping_status":"open","sticky":false,"template":"","format":"standard","meta":{"footnotes":""},"categories":[12,9],"tags":[2,4,145,7],"class_list":["post-14675","post","type-post","status-publish","format-standard","hentry","category-actualidad","category-rincones-de-la-sierra-norte","tag-actualidad","tag-cultura","tag-la-ribera","tag-naturaleza","entry"],"_links":{"self":[{"href":"https:\/\/blog.sierranortedeguadalajara.com\/index.php?rest_route=\/wp\/v2\/posts\/14675","targetHints":{"allow":["GET"]}}],"collection":[{"href":"https:\/\/blog.sierranortedeguadalajara.com\/index.php?rest_route=\/wp\/v2\/posts"}],"about":[{"href":"https:\/\/blog.sierranortedeguadalajara.com\/index.php?rest_route=\/wp\/v2\/types\/post"}],"author":[{"embeddable":true,"href":"https:\/\/blog.sierranortedeguadalajara.com\/index.php?rest_route=\/wp\/v2\/users\/1"}],"replies":[{"embeddable":true,"href":"https:\/\/blog.sierranortedeguadalajara.com\/index.php?rest_route=%2Fwp%2Fv2%2Fcomments&post=14675"}],"version-history":[{"count":1,"href":"https:\/\/blog.sierranortedeguadalajara.com\/index.php?rest_route=\/wp\/v2\/posts\/14675\/revisions"}],"predecessor-version":[{"id":28602,"href":"https:\/\/blog.sierranortedeguadalajara.com\/index.php?rest_route=\/wp\/v2\/posts\/14675\/revisions\/28602"}],"wp:attachment":[{"href":"https:\/\/blog.sierranortedeguadalajara.com\/index.php?rest_route=%2Fwp%2Fv2%2Fmedia&parent=14675"}],"wp:term":[{"taxonomy":"category","embeddable":true,"href":"https:\/\/blog.sierranortedeguadalajara.com\/index.php?rest_route=%2Fwp%2Fv2%2Fcategories&post=14675"},{"taxonomy":"post_tag","embeddable":true,"href":"https:\/\/blog.sierranortedeguadalajara.com\/index.php?rest_route=%2Fwp%2Fv2%2Ftags&post=14675"}],"curies":[{"name":"wp","href":"https:\/\/api.w.org\/{rel}","templated":true}]}}