{"id":14664,"date":"2014-10-01T00:05:38","date_gmt":"2014-09-30T22:05:38","guid":{"rendered":"http:\/\/blog.laveredadepuebla.com\/?p=14664"},"modified":"2023-02-10T12:20:42","modified_gmt":"2023-02-10T12:20:42","slug":"la-belleza-interior-de-almiruete","status":"publish","type":"post","link":"https:\/\/blog.sierranortedeguadalajara.com\/?p=14664","title":{"rendered":"La belleza interior de Almiruete\u2026"},"content":{"rendered":"<p><a href=\"https:\/\/laveredadepuebla.files.wordpress.com\/2014\/09\/141001-belleza-almiruete-1.jpg\"><img loading=\"lazy\" decoding=\"async\" class=\"alignright wp-image-14666\" src=\"https:\/\/blog.sierranortedeguadalajara.com\/wp-content\/uploads\/2023\/02\/141001-belleza-almiruete-1.jpg\" alt=\"141001 Belleza almiruete 1\" width=\"240\" height=\"192\" \/><\/a>\u2026 Reside en sus gentes, en su<a href=\"http:\/\/www.laveredadepuebla.com\/rutasypueblos\/visitaalmiruete.pdf\"><em><strong> casco urbano<\/strong> <\/em><\/a>y\u2026 dentro de <a href=\"http:\/\/blog.laveredadepuebla.com\/2010\/10\/11\/la-iglesia-de%C2%A0almiruete\/\"><em><strong>su iglesia<\/strong><\/em><\/a>. Los folletos tur\u00edsticos y las gu\u00edas hablan de su <a href=\"http:\/\/www.amigosdelromanico.org\/inventario\/fichas\/espana\/guadalajara\/almiruete_nuestrasenoradelaasuncion.html\"><em><strong>origen rom\u00e1nico<\/strong><\/em><\/a>, su reforma g\u00f3tica y la despachan en apenas una p\u00e1gina. No reparan en los detalles de su interior que la hacen \u00fanica, quiz\u00e1s porque no es f\u00e1cil visitarla.<\/p>\n<p><a href=\"https:\/\/laveredadepuebla.files.wordpress.com\/2014\/09\/141001-belleza-almiruete-3.jpg\"><img loading=\"lazy\" decoding=\"async\" class=\"alignright wp-image-14667\" src=\"https:\/\/blog.sierranortedeguadalajara.com\/wp-content\/uploads\/2023\/02\/141001-belleza-almiruete-3.jpg\" alt=\"141001 belleza almiruete 3\" width=\"240\" height=\"180\" \/><\/a>Un buen amigo, vecino de <a href=\"http:\/\/www.laveredadepuebla.com\/rutasypueblos\/almiruete.pdf\"><em><strong>Almiruete<\/strong> <\/em><\/a>y experto en arte, nos ha descubierto estas maravillas, apreciables a pesar del deterioro que hoy presenta. <em>\u00bfD\u00f3nde qued\u00f3 el Plan de Intervenci\u00f3n del Rom\u00e1nico en Guadalajara, promovido por la Junta en 2.011?<\/em><\/p>\n<p><em><strong>Al entrar<\/strong> <\/em>llaman la atenci\u00f3n el retablo del altar mayor, las capillas adosadas a las naves laterales, el suelo de losetas en blanco y negro del \u00e1bside, el p\u00falpito, el techo, las im\u00e1genes, <em>\u2026 \u00a1porque no encajan con el resto!<\/em><\/p>\n<p><a href=\"http:\/\/laveredadepuebla.files.wordpress.com\/2014\/09\/141001-belleza-almiruete-2.jpg\"><img loading=\"lazy\" decoding=\"async\" class=\"alignleft wp-image-14668\" src=\"https:\/\/blog.sierranortedeguadalajara.com\/wp-content\/uploads\/2023\/02\/141001-belleza-almiruete-2.jpg\" alt=\"141001 belleza almiruete 2\" width=\"240\" height=\"180\" \/><\/a>Conviene explicar que durante la guerra civil, este templo qued\u00f3 muy da\u00f1ado <em>(el frente estuvo en el Sorbe).<\/em> Fue reconstruido en los a\u00f1os cuarenta bajo el estilo que imperaba en la \u00e9poca, conservando los elementos originales que pudieron salvarse <strong>\u00a1Bi\u00e9n!<\/strong> En pr\u00f3ximos d\u00edas los iremos detallando.<\/p>\n<p><em><strong>Lar-ami<\/strong><\/em><\/p>\n","protected":false},"excerpt":{"rendered":"<p>\u2026 Reside en sus gentes, en su casco urbano y\u2026 dentro de su iglesia. Los folletos tur\u00edsticos y las gu\u00edas hablan de su origen rom\u00e1nico, su reforma g\u00f3tica y la despachan en apenas una p\u00e1gina. No reparan en los detalles de su interior que la hacen \u00fanica, quiz\u00e1s porque no es f\u00e1cil visitarla. Un buen &hellip; <\/p>\n<p class=\"link-more\"><a href=\"https:\/\/blog.sierranortedeguadalajara.com\/?p=14664\" class=\"more-link\">Seguir leyendo<span class=\"screen-reader-text\"> \u00abLa belleza interior de Almiruete\u2026\u00bb<\/span><\/a><\/p>\n","protected":false},"author":1,"featured_media":0,"comment_status":"open","ping_status":"open","sticky":false,"template":"","format":"standard","meta":{"footnotes":""},"categories":[12,9],"tags":[2,70,4,5,55,19],"class_list":["post-14664","post","type-post","status-publish","format-standard","hentry","category-actualidad","category-rincones-de-la-sierra-norte","tag-actualidad","tag-almiruete","tag-cultura","tag-historia","tag-romanico","tag-siglo-xx","entry"],"_links":{"self":[{"href":"https:\/\/blog.sierranortedeguadalajara.com\/index.php?rest_route=\/wp\/v2\/posts\/14664","targetHints":{"allow":["GET"]}}],"collection":[{"href":"https:\/\/blog.sierranortedeguadalajara.com\/index.php?rest_route=\/wp\/v2\/posts"}],"about":[{"href":"https:\/\/blog.sierranortedeguadalajara.com\/index.php?rest_route=\/wp\/v2\/types\/post"}],"author":[{"embeddable":true,"href":"https:\/\/blog.sierranortedeguadalajara.com\/index.php?rest_route=\/wp\/v2\/users\/1"}],"replies":[{"embeddable":true,"href":"https:\/\/blog.sierranortedeguadalajara.com\/index.php?rest_route=%2Fwp%2Fv2%2Fcomments&post=14664"}],"version-history":[{"count":1,"href":"https:\/\/blog.sierranortedeguadalajara.com\/index.php?rest_route=\/wp\/v2\/posts\/14664\/revisions"}],"predecessor-version":[{"id":28606,"href":"https:\/\/blog.sierranortedeguadalajara.com\/index.php?rest_route=\/wp\/v2\/posts\/14664\/revisions\/28606"}],"wp:attachment":[{"href":"https:\/\/blog.sierranortedeguadalajara.com\/index.php?rest_route=%2Fwp%2Fv2%2Fmedia&parent=14664"}],"wp:term":[{"taxonomy":"category","embeddable":true,"href":"https:\/\/blog.sierranortedeguadalajara.com\/index.php?rest_route=%2Fwp%2Fv2%2Fcategories&post=14664"},{"taxonomy":"post_tag","embeddable":true,"href":"https:\/\/blog.sierranortedeguadalajara.com\/index.php?rest_route=%2Fwp%2Fv2%2Ftags&post=14664"}],"curies":[{"name":"wp","href":"https:\/\/api.w.org\/{rel}","templated":true}]}}