{"id":14658,"date":"2014-09-30T00:05:13","date_gmt":"2014-09-29T22:05:13","guid":{"rendered":"http:\/\/blog.laveredadepuebla.com\/?p=14658"},"modified":"2023-02-10T12:20:43","modified_gmt":"2023-02-10T12:20:43","slug":"perlas-al-natural","status":"publish","type":"post","link":"https:\/\/blog.sierranortedeguadalajara.com\/?p=14658","title":{"rendered":"Perlas al natural"},"content":{"rendered":"<p><a href=\"https:\/\/laveredadepuebla.files.wordpress.com\/2014\/09\/140930-perlas-1.jpg\"><img loading=\"lazy\" decoding=\"async\" class=\"alignright wp-image-14660\" src=\"https:\/\/blog.sierranortedeguadalajara.com\/wp-content\/uploads\/2023\/02\/140930-perlas-1.jpg\" alt=\"140930 perlas 1\" width=\"189\" height=\"210\" \/><\/a>Las primeras <a href=\"http:\/\/blog.laveredadepuebla.com\/2011\/10\/28\/primeras-lluvias-de-otono\/\"><em><strong>lluvias del oto\u00f1o<\/strong> <\/em><\/a>en <a href=\"http:\/\/es.youtube.com\/watch?v=7GW8Ykv6Z9s\"><em><strong>La Ribera<\/strong><\/em><\/a> son finas (aqu\u00ed no sufrimos la gota fr\u00eda) y resultan muy beneficiosas para los campos: asientan el polvo, empapan la tierra, dan el ultimo empuj\u00f3n a los <a href=\"http:\/\/blog.laveredadepuebla.com\/2009\/10\/12\/frutos-de-otono\/\"><em><strong>frutos tard\u00edos<\/strong><\/em><\/a> (membrillos, manzanas, nueces, \u2026) y suponen el primer toque de retirada para los huertos.<\/p>\n<p><a href=\"https:\/\/laveredadepuebla.files.wordpress.com\/2014\/09\/140930-perlas-2.jpg\"><img loading=\"lazy\" decoding=\"async\" class=\"alignleft wp-image-14661\" src=\"https:\/\/blog.sierranortedeguadalajara.com\/wp-content\/uploads\/2023\/02\/140930-perlas-2.jpg\" alt=\"140930 perlas 2\" width=\"210\" height=\"171\" \/><\/a>Si adem\u00e1s llueve a primera hora de la ma\u00f1ana, en los \u00e1rboles las gotas finas resbalan suavemente por ramas y hojas, agrup\u00e1ndose en otras gotas mayores. La gravedad trata de arrastrarlas al suelo, mientras ellas se resisten agarr\u00e1ndose con fuerza a su soporte.<\/p>\n<p>Son <a href=\"http:\/\/manualidadesybellasartes.com\/tiposperlas.html\"><em><strong>perlas al natural<\/strong><\/em><\/a>, de existencia ef\u00edmera pero muy hermosas. Por la perfecci\u00f3n de sus formas y por la transparencia. A menudo el colorido y la forma del soporte le dan un toque elegante que realza su belleza.<a href=\"https:\/\/laveredadepuebla.files.wordpress.com\/2014\/09\/140930-perlas-3.jpg\"><img loading=\"lazy\" decoding=\"async\" class=\"alignright wp-image-14662\" src=\"https:\/\/blog.sierranortedeguadalajara.com\/wp-content\/uploads\/2023\/02\/140930-perlas-3.jpg\" alt=\"140930 perlas 3\" width=\"210\" height=\"158\" \/><\/a><\/p>\n<p>Se me dir\u00e1 que solo es un fen\u00f3meno f\u00edsico, frecuente en muchas latitudes. Pero no me negar\u00e1n que estas im\u00e1genes son po\u00e9ticas. <em><strong>\u00a1Que ser\u00eda del mundo si todo fuese explicable por la F\u00edsica!<\/strong><\/em><\/p>\n<p><em><strong>Lar-ami<\/strong><\/em><\/p>\n","protected":false},"excerpt":{"rendered":"<p>Las primeras lluvias del oto\u00f1o en La Ribera son finas (aqu\u00ed no sufrimos la gota fr\u00eda) y resultan muy beneficiosas para los campos: asientan el polvo, empapan la tierra, dan el ultimo empuj\u00f3n a los frutos tard\u00edos (membrillos, manzanas, nueces, \u2026) y suponen el primer toque de retirada para los huertos. Si adem\u00e1s llueve a &hellip; <\/p>\n<p class=\"link-more\"><a href=\"https:\/\/blog.sierranortedeguadalajara.com\/?p=14658\" class=\"more-link\">Seguir leyendo<span class=\"screen-reader-text\"> \u00abPerlas al natural\u00bb<\/span><\/a><\/p>\n","protected":false},"author":1,"featured_media":0,"comment_status":"open","ping_status":"open","sticky":false,"template":"","format":"standard","meta":{"footnotes":""},"categories":[12,6],"tags":[2,145,7],"class_list":["post-14658","post","type-post","status-publish","format-standard","hentry","category-actualidad","category-mundo-rural","tag-actualidad","tag-la-ribera","tag-naturaleza","entry"],"_links":{"self":[{"href":"https:\/\/blog.sierranortedeguadalajara.com\/index.php?rest_route=\/wp\/v2\/posts\/14658","targetHints":{"allow":["GET"]}}],"collection":[{"href":"https:\/\/blog.sierranortedeguadalajara.com\/index.php?rest_route=\/wp\/v2\/posts"}],"about":[{"href":"https:\/\/blog.sierranortedeguadalajara.com\/index.php?rest_route=\/wp\/v2\/types\/post"}],"author":[{"embeddable":true,"href":"https:\/\/blog.sierranortedeguadalajara.com\/index.php?rest_route=\/wp\/v2\/users\/1"}],"replies":[{"embeddable":true,"href":"https:\/\/blog.sierranortedeguadalajara.com\/index.php?rest_route=%2Fwp%2Fv2%2Fcomments&post=14658"}],"version-history":[{"count":1,"href":"https:\/\/blog.sierranortedeguadalajara.com\/index.php?rest_route=\/wp\/v2\/posts\/14658\/revisions"}],"predecessor-version":[{"id":28610,"href":"https:\/\/blog.sierranortedeguadalajara.com\/index.php?rest_route=\/wp\/v2\/posts\/14658\/revisions\/28610"}],"wp:attachment":[{"href":"https:\/\/blog.sierranortedeguadalajara.com\/index.php?rest_route=%2Fwp%2Fv2%2Fmedia&parent=14658"}],"wp:term":[{"taxonomy":"category","embeddable":true,"href":"https:\/\/blog.sierranortedeguadalajara.com\/index.php?rest_route=%2Fwp%2Fv2%2Fcategories&post=14658"},{"taxonomy":"post_tag","embeddable":true,"href":"https:\/\/blog.sierranortedeguadalajara.com\/index.php?rest_route=%2Fwp%2Fv2%2Ftags&post=14658"}],"curies":[{"name":"wp","href":"https:\/\/api.w.org\/{rel}","templated":true}]}}