{"id":14640,"date":"2014-09-26T00:05:17","date_gmt":"2014-09-25T22:05:17","guid":{"rendered":"http:\/\/blog.laveredadepuebla.com\/?p=14640"},"modified":"2023-02-10T12:20:45","modified_gmt":"2023-02-10T12:20:45","slug":"como-cabras","status":"publish","type":"post","link":"https:\/\/blog.sierranortedeguadalajara.com\/?p=14640","title":{"rendered":"Como cabras"},"content":{"rendered":"<p><a href=\"https:\/\/laveredadepuebla.files.wordpress.com\/2014\/09\/140925-cabras-1.jpg\"><img loading=\"lazy\" decoding=\"async\" class=\"alignleft size-thumbnail wp-image-14641\" src=\"https:\/\/blog.sierranortedeguadalajara.com\/wp-content\/uploads\/2023\/02\/140925-cabras-1.jpg\" alt=\"140925 cabras 1\" width=\"150\" height=\"112\" \/><\/a>En la Sierra dicen que <a href=\"http:\/\/herramientas.educa.madrid.org\/animalandia\/ficha.php?id=415\"><em><strong>la cabra<\/strong><\/em><\/a>, aunque es gregaria, tiene una tendencia natural a moverse sola por el monte, al contrario que la oveja. Por eso los reba\u00f1os de cabras y ovejas pastoreaban por separado (ahora la escasez de ganado y pastores generan reba\u00f1os mixtos), aunque compart\u00edan territorio ya que comen la hierba a distinta altura.<a href=\"http:\/\/laveredadepuebla.files.wordpress.com\/2014\/09\/140925-cabras-2.jpg\"><img loading=\"lazy\" decoding=\"async\" class=\"alignright size-thumbnail wp-image-14642\" src=\"https:\/\/blog.sierranortedeguadalajara.com\/wp-content\/uploads\/2023\/02\/140925-cabras-2.jpg\" alt=\"140925 cabras 2\" width=\"150\" height=\"112\" \/><\/a><\/p>\n<p>Esa tendencia se hace m\u00e1s patente en los ejemplares j\u00f3venes, que a menudo son vistos solos en medio de los pizarrales. Tendidos sobre la piedra, como resignados\u2026 Pero<em><strong> \u00a1que no te enga\u00f1en!<\/strong><\/em>&#8230;, est\u00e1n reflexionando.<\/p>\n<p><a href=\"http:\/\/laveredadepuebla.files.wordpress.com\/2014\/09\/140925-cabras-4.jpg\"><img loading=\"lazy\" decoding=\"async\" class=\"alignright wp-image-14643\" src=\"https:\/\/blog.sierranortedeguadalajara.com\/wp-content\/uploads\/2023\/02\/140925-cabras-4.jpg\" alt=\"140925 cabras 4\" width=\"180\" height=\"240\" \/><\/a>Dales tiempo y ver\u00e1s como se ponen de pi\u00e9, otean el horizonte y tiran monte arriba en busca de su sitio. A veces, al encuentro de otros j\u00f3venes para comenzar juntos una nueva andadura y\/o en busca de mejores pastos.<\/p>\n<p>Por eso cuando oigo la expresi\u00f3n <a href=\"http:\/\/www.taringa.net\/posts\/info\/14358327\/Te-explico-de-donde-viene-esa-Frase.html\"><em><strong>\u201c\u00a1est\u00e1is como cabras!\u201d<\/strong> <\/em><\/a>dirigida a los j\u00f3venes, me sonr\u00edo. Por la ignorancia del malhablado, <strong><em>que los alaba cuando quiso insultarles.<\/em><\/strong><\/p>\n<p><em><strong>Lar-ami<\/strong><\/em><\/p>\n","protected":false},"excerpt":{"rendered":"<p>En la Sierra dicen que la cabra, aunque es gregaria, tiene una tendencia natural a moverse sola por el monte, al contrario que la oveja. Por eso los reba\u00f1os de cabras y ovejas pastoreaban por separado (ahora la escasez de ganado y pastores generan reba\u00f1os mixtos), aunque compart\u00edan territorio ya que comen la hierba a &hellip; <\/p>\n<p class=\"link-more\"><a href=\"https:\/\/blog.sierranortedeguadalajara.com\/?p=14640\" class=\"more-link\">Seguir leyendo<span class=\"screen-reader-text\"> \u00abComo cabras\u00bb<\/span><\/a><\/p>\n","protected":false},"author":1,"featured_media":0,"comment_status":"open","ping_status":"open","sticky":false,"template":"","format":"standard","meta":{"footnotes":""},"categories":[12],"tags":[2,100,4],"class_list":["post-14640","post","type-post","status-publish","format-standard","hentry","category-actualidad","tag-actualidad","tag-costumbres-y-tradiciones","tag-cultura","entry"],"_links":{"self":[{"href":"https:\/\/blog.sierranortedeguadalajara.com\/index.php?rest_route=\/wp\/v2\/posts\/14640","targetHints":{"allow":["GET"]}}],"collection":[{"href":"https:\/\/blog.sierranortedeguadalajara.com\/index.php?rest_route=\/wp\/v2\/posts"}],"about":[{"href":"https:\/\/blog.sierranortedeguadalajara.com\/index.php?rest_route=\/wp\/v2\/types\/post"}],"author":[{"embeddable":true,"href":"https:\/\/blog.sierranortedeguadalajara.com\/index.php?rest_route=\/wp\/v2\/users\/1"}],"replies":[{"embeddable":true,"href":"https:\/\/blog.sierranortedeguadalajara.com\/index.php?rest_route=%2Fwp%2Fv2%2Fcomments&post=14640"}],"version-history":[{"count":1,"href":"https:\/\/blog.sierranortedeguadalajara.com\/index.php?rest_route=\/wp\/v2\/posts\/14640\/revisions"}],"predecessor-version":[{"id":28617,"href":"https:\/\/blog.sierranortedeguadalajara.com\/index.php?rest_route=\/wp\/v2\/posts\/14640\/revisions\/28617"}],"wp:attachment":[{"href":"https:\/\/blog.sierranortedeguadalajara.com\/index.php?rest_route=%2Fwp%2Fv2%2Fmedia&parent=14640"}],"wp:term":[{"taxonomy":"category","embeddable":true,"href":"https:\/\/blog.sierranortedeguadalajara.com\/index.php?rest_route=%2Fwp%2Fv2%2Fcategories&post=14640"},{"taxonomy":"post_tag","embeddable":true,"href":"https:\/\/blog.sierranortedeguadalajara.com\/index.php?rest_route=%2Fwp%2Fv2%2Ftags&post=14640"}],"curies":[{"name":"wp","href":"https:\/\/api.w.org\/{rel}","templated":true}]}}