{"id":14343,"date":"2014-07-15T00:05:43","date_gmt":"2014-07-14T22:05:43","guid":{"rendered":"http:\/\/blog.laveredadepuebla.com\/?p=14343"},"modified":"2023-02-10T12:21:27","modified_gmt":"2023-02-10T12:21:27","slug":"la-cuerda-de-pena-cabeza","status":"publish","type":"post","link":"https:\/\/blog.sierranortedeguadalajara.com\/?p=14343","title":{"rendered":"La cuerda de Pe\u00f1a Cabeza"},"content":{"rendered":"<p><a href=\"https:\/\/laveredadepuebla.files.wordpress.com\/2014\/07\/1-cuerda-3.jpg\"><img loading=\"lazy\" decoding=\"async\" class=\"aligncenter size-large wp-image-14344\" src=\"https:\/\/blog.sierranortedeguadalajara.com\/wp-content\/uploads\/2023\/02\/1-cuerda-3.jpg\" alt=\"1 cuerda 3\" width=\"500\" height=\"375\" \/><\/a><a href=\"https:\/\/laveredadepuebla.files.wordpress.com\/2014\/07\/1-cuerda-1.jpg\"><img loading=\"lazy\" decoding=\"async\" class=\"alignright size-thumbnail wp-image-14346\" src=\"https:\/\/blog.sierranortedeguadalajara.com\/wp-content\/uploads\/2023\/02\/1-cuerda-1.jpg\" alt=\"1 cuerda 1\" width=\"150\" height=\"112\" \/><\/a>Aunque parece una monta\u00f1a aislada, de aspecto plano y suave, la realidad es que la cumbre de <a href=\"http:\/\/blog.laveredadepuebla.com\/2011\/08\/12\/pena-cabeza\/\"><strong><em>Pe\u00f1a Cabeza <\/em><\/strong><\/a>(1.438 mts) est\u00e1 sembrada de de pizarras de formas agrestes y cuchillares impresionantes.<\/p>\n<p><a href=\"https:\/\/laveredadepuebla.files.wordpress.com\/2014\/07\/1-cuerda-2.jpg\"><img loading=\"lazy\" decoding=\"async\" class=\"alignleft size-thumbnail wp-image-14345\" src=\"https:\/\/blog.sierranortedeguadalajara.com\/wp-content\/uploads\/2023\/02\/1-cuerda-2.jpg\" alt=\"1 cuerda 2\" width=\"150\" height=\"112\" \/><\/a>Junto a Cabezo de Barrina (1.421 mts), en direcci\u00f3n norte, forma un escueto macizo que une sus cumbres en una cuerda muy hermosa por la que es posible transitar <a href=\"http:\/\/www.laveredadepuebla.com\/rutasypueblos.htm\"><strong><em>admirando el paisaje<\/em><\/strong><\/a>. Las vistas son espectaculares.<\/p>\n<p><em><strong>Lar-ami<\/strong><\/em><\/p>\n","protected":false},"excerpt":{"rendered":"<p>Aunque parece una monta\u00f1a aislada, de aspecto plano y suave, la realidad es que la cumbre de Pe\u00f1a Cabeza (1.438 mts) est\u00e1 sembrada de de pizarras de formas agrestes y cuchillares impresionantes. Junto a Cabezo de Barrina (1.421 mts), en direcci\u00f3n norte, forma un escueto macizo que une sus cumbres en una cuerda muy hermosa &hellip; <\/p>\n<p class=\"link-more\"><a href=\"https:\/\/blog.sierranortedeguadalajara.com\/?p=14343\" class=\"more-link\">Seguir leyendo<span class=\"screen-reader-text\"> \u00abLa cuerda de Pe\u00f1a Cabeza\u00bb<\/span><\/a><\/p>\n","protected":false},"author":1,"featured_media":0,"comment_status":"open","ping_status":"open","sticky":false,"template":"","format":"standard","meta":{"footnotes":""},"categories":[12,9],"tags":[2,145,7],"class_list":["post-14343","post","type-post","status-publish","format-standard","hentry","category-actualidad","category-rincones-de-la-sierra-norte","tag-actualidad","tag-la-ribera","tag-naturaleza","entry"],"_links":{"self":[{"href":"https:\/\/blog.sierranortedeguadalajara.com\/index.php?rest_route=\/wp\/v2\/posts\/14343","targetHints":{"allow":["GET"]}}],"collection":[{"href":"https:\/\/blog.sierranortedeguadalajara.com\/index.php?rest_route=\/wp\/v2\/posts"}],"about":[{"href":"https:\/\/blog.sierranortedeguadalajara.com\/index.php?rest_route=\/wp\/v2\/types\/post"}],"author":[{"embeddable":true,"href":"https:\/\/blog.sierranortedeguadalajara.com\/index.php?rest_route=\/wp\/v2\/users\/1"}],"replies":[{"embeddable":true,"href":"https:\/\/blog.sierranortedeguadalajara.com\/index.php?rest_route=%2Fwp%2Fv2%2Fcomments&post=14343"}],"version-history":[{"count":1,"href":"https:\/\/blog.sierranortedeguadalajara.com\/index.php?rest_route=\/wp\/v2\/posts\/14343\/revisions"}],"predecessor-version":[{"id":28794,"href":"https:\/\/blog.sierranortedeguadalajara.com\/index.php?rest_route=\/wp\/v2\/posts\/14343\/revisions\/28794"}],"wp:attachment":[{"href":"https:\/\/blog.sierranortedeguadalajara.com\/index.php?rest_route=%2Fwp%2Fv2%2Fmedia&parent=14343"}],"wp:term":[{"taxonomy":"category","embeddable":true,"href":"https:\/\/blog.sierranortedeguadalajara.com\/index.php?rest_route=%2Fwp%2Fv2%2Fcategories&post=14343"},{"taxonomy":"post_tag","embeddable":true,"href":"https:\/\/blog.sierranortedeguadalajara.com\/index.php?rest_route=%2Fwp%2Fv2%2Ftags&post=14343"}],"curies":[{"name":"wp","href":"https:\/\/api.w.org\/{rel}","templated":true}]}}