{"id":14318,"date":"2014-07-09T00:05:23","date_gmt":"2014-07-08T22:05:23","guid":{"rendered":"http:\/\/blog.laveredadepuebla.com\/?p=14318"},"modified":"2023-02-10T12:21:30","modified_gmt":"2023-02-10T12:21:30","slug":"otras-imagenes-del-vado","status":"publish","type":"post","link":"https:\/\/blog.sierranortedeguadalajara.com\/?p=14318","title":{"rendered":"Otras im\u00e1genes del Vado"},"content":{"rendered":"<p><a href=\"https:\/\/laveredadepuebla.files.wordpress.com\/2014\/06\/140709-otras-vado-1.jpg\"><img loading=\"lazy\" decoding=\"async\" class=\"aligncenter size-large wp-image-14319\" src=\"https:\/\/blog.sierranortedeguadalajara.com\/wp-content\/uploads\/2023\/02\/140709-otras-vado-1.jpg\" alt=\"140709 otras vado 1\" width=\"500\" height=\"375\" \/><\/a>A fuer de ser pesado, quiero mostraros im\u00e1genes diferentes de <a href=\"http:\/\/blog.laveredadepuebla.com\/2009\/08\/22\/la-presa-del-vado\/\"><em><strong>este paraje<\/strong><\/em><\/a> que la mano del hombre modific\u00f3 totalmente, con hormig\u00f3n y <a href=\"http:\/\/blog.laveredadepuebla.com\/2009\/11\/05\/pinos-y-pinares\/\"><em><strong>pinos<\/strong><\/em><\/a>.<a href=\"https:\/\/laveredadepuebla.files.wordpress.com\/2014\/06\/140709-otras-vado-2.jpg\"><img loading=\"lazy\" decoding=\"async\" class=\"aligncenter size-large wp-image-14320\" src=\"https:\/\/blog.sierranortedeguadalajara.com\/wp-content\/uploads\/2023\/02\/140709-otras-vado-2.jpg\" alt=\"140709 otras vado 2\" width=\"500\" height=\"375\" \/><\/a><\/p>\n<p>Porque en este caso convirti\u00f3 un lugar inh\u00f3spito en una zona verde y hermosa. As\u00ed lo reconocen todos, incluso el <a href=\"http:\/\/blog.laveredadepuebla.com\/2011\/03\/01\/vistas-del-ocejon\/\"><em><strong>Ocej\u00f3n<\/strong><\/em><\/a>, que ha ganado con la vista.<\/p>\n<p><em><strong>Lar-ami<\/strong><\/em><\/p>\n","protected":false},"excerpt":{"rendered":"<p>A fuer de ser pesado, quiero mostraros im\u00e1genes diferentes de este paraje que la mano del hombre modific\u00f3 totalmente, con hormig\u00f3n y pinos. Porque en este caso convirti\u00f3 un lugar inh\u00f3spito en una zona verde y hermosa. As\u00ed lo reconocen todos, incluso el Ocej\u00f3n, que ha ganado con la vista. Lar-ami<\/p>\n","protected":false},"author":1,"featured_media":0,"comment_status":"open","ping_status":"open","sticky":false,"template":"","format":"standard","meta":{"footnotes":""},"categories":[9],"tags":[],"class_list":["post-14318","post","type-post","status-publish","format-standard","hentry","category-rincones-de-la-sierra-norte","entry"],"_links":{"self":[{"href":"https:\/\/blog.sierranortedeguadalajara.com\/index.php?rest_route=\/wp\/v2\/posts\/14318","targetHints":{"allow":["GET"]}}],"collection":[{"href":"https:\/\/blog.sierranortedeguadalajara.com\/index.php?rest_route=\/wp\/v2\/posts"}],"about":[{"href":"https:\/\/blog.sierranortedeguadalajara.com\/index.php?rest_route=\/wp\/v2\/types\/post"}],"author":[{"embeddable":true,"href":"https:\/\/blog.sierranortedeguadalajara.com\/index.php?rest_route=\/wp\/v2\/users\/1"}],"replies":[{"embeddable":true,"href":"https:\/\/blog.sierranortedeguadalajara.com\/index.php?rest_route=%2Fwp%2Fv2%2Fcomments&post=14318"}],"version-history":[{"count":1,"href":"https:\/\/blog.sierranortedeguadalajara.com\/index.php?rest_route=\/wp\/v2\/posts\/14318\/revisions"}],"predecessor-version":[{"id":28807,"href":"https:\/\/blog.sierranortedeguadalajara.com\/index.php?rest_route=\/wp\/v2\/posts\/14318\/revisions\/28807"}],"wp:attachment":[{"href":"https:\/\/blog.sierranortedeguadalajara.com\/index.php?rest_route=%2Fwp%2Fv2%2Fmedia&parent=14318"}],"wp:term":[{"taxonomy":"category","embeddable":true,"href":"https:\/\/blog.sierranortedeguadalajara.com\/index.php?rest_route=%2Fwp%2Fv2%2Fcategories&post=14318"},{"taxonomy":"post_tag","embeddable":true,"href":"https:\/\/blog.sierranortedeguadalajara.com\/index.php?rest_route=%2Fwp%2Fv2%2Ftags&post=14318"}],"curies":[{"name":"wp","href":"https:\/\/api.w.org\/{rel}","templated":true}]}}