{"id":14309,"date":"2014-07-07T00:05:29","date_gmt":"2014-07-06T22:05:29","guid":{"rendered":"http:\/\/blog.laveredadepuebla.com\/?p=14309"},"modified":"2023-02-10T12:21:31","modified_gmt":"2023-02-10T12:21:31","slug":"amanecer-rojo-y-amarillo","status":"publish","type":"post","link":"https:\/\/blog.sierranortedeguadalajara.com\/?p=14309","title":{"rendered":"Amanecer rojo y amarillo"},"content":{"rendered":"<p>De la puesta de sol todo el mundo habla: son preciosas, cada lugar tiene la suya, &#8230; De los <a href=\"http:\/\/blog.laveredadepuebla.com\/2013\/09\/06\/amaneceres\/\"><em><strong>amaneceres<\/strong> <\/em><\/a>pocos lo hacen. Quiz\u00e1s porque hay que madrugar y eso no tiene mucho predicamento. Sobre todo en d\u00edas de asueto.<a href=\"https:\/\/laveredadepuebla.files.wordpress.com\/2014\/06\/140707-amaneceres-rojos-1.jpg\"><img loading=\"lazy\" decoding=\"async\" class=\"aligncenter size-large wp-image-14310\" src=\"https:\/\/blog.sierranortedeguadalajara.com\/wp-content\/uploads\/2023\/02\/140707-amaneceres-rojos-1.jpg\" alt=\"140707 amaneceres rojos 1\" width=\"500\" height=\"375\" \/><\/a>Pero la belleza del amanecer resulta impactante: el d\u00eda se despierta y el sol se va comiendo la oscuridad, creando im\u00e1genes \u00fanicas. Seis minutos separan estas fotos im\u00e1genes, tomadas desde el <a href=\"www.laveredadepuebla.com\/rutasypueblos.htm\"><em><strong>mismo lugar<\/strong><\/em><\/a>.<a href=\"https:\/\/laveredadepuebla.files.wordpress.com\/2014\/06\/140707-amaneceres-rojos-2.jpg\"><img loading=\"lazy\" decoding=\"async\" class=\"aligncenter size-large wp-image-14311\" src=\"https:\/\/blog.sierranortedeguadalajara.com\/wp-content\/uploads\/2023\/02\/140707-amaneceres-rojos-2.jpg\" alt=\"140707 amaneceres rojos 2\" width=\"500\" height=\"375\" \/><\/a><em><strong>Lar-ami<\/strong><\/em><\/p>\n","protected":false},"excerpt":{"rendered":"<p>De la puesta de sol todo el mundo habla: son preciosas, cada lugar tiene la suya, &#8230; De los amaneceres pocos lo hacen. Quiz\u00e1s porque hay que madrugar y eso no tiene mucho predicamento. Sobre todo en d\u00edas de asueto.Pero la belleza del amanecer resulta impactante: el d\u00eda se despierta y el sol se va &hellip; <\/p>\n<p class=\"link-more\"><a href=\"https:\/\/blog.sierranortedeguadalajara.com\/?p=14309\" class=\"more-link\">Seguir leyendo<span class=\"screen-reader-text\"> \u00abAmanecer rojo y amarillo\u00bb<\/span><\/a><\/p>\n","protected":false},"author":1,"featured_media":0,"comment_status":"open","ping_status":"open","sticky":false,"template":"","format":"standard","meta":{"footnotes":""},"categories":[12,17],"tags":[2,7],"class_list":["post-14309","post","type-post","status-publish","format-standard","hentry","category-actualidad","category-paisajes-y-lugares-de-la-sierra-norte","tag-actualidad","tag-naturaleza","entry"],"_links":{"self":[{"href":"https:\/\/blog.sierranortedeguadalajara.com\/index.php?rest_route=\/wp\/v2\/posts\/14309","targetHints":{"allow":["GET"]}}],"collection":[{"href":"https:\/\/blog.sierranortedeguadalajara.com\/index.php?rest_route=\/wp\/v2\/posts"}],"about":[{"href":"https:\/\/blog.sierranortedeguadalajara.com\/index.php?rest_route=\/wp\/v2\/types\/post"}],"author":[{"embeddable":true,"href":"https:\/\/blog.sierranortedeguadalajara.com\/index.php?rest_route=\/wp\/v2\/users\/1"}],"replies":[{"embeddable":true,"href":"https:\/\/blog.sierranortedeguadalajara.com\/index.php?rest_route=%2Fwp%2Fv2%2Fcomments&post=14309"}],"version-history":[{"count":1,"href":"https:\/\/blog.sierranortedeguadalajara.com\/index.php?rest_route=\/wp\/v2\/posts\/14309\/revisions"}],"predecessor-version":[{"id":28813,"href":"https:\/\/blog.sierranortedeguadalajara.com\/index.php?rest_route=\/wp\/v2\/posts\/14309\/revisions\/28813"}],"wp:attachment":[{"href":"https:\/\/blog.sierranortedeguadalajara.com\/index.php?rest_route=%2Fwp%2Fv2%2Fmedia&parent=14309"}],"wp:term":[{"taxonomy":"category","embeddable":true,"href":"https:\/\/blog.sierranortedeguadalajara.com\/index.php?rest_route=%2Fwp%2Fv2%2Fcategories&post=14309"},{"taxonomy":"post_tag","embeddable":true,"href":"https:\/\/blog.sierranortedeguadalajara.com\/index.php?rest_route=%2Fwp%2Fv2%2Ftags&post=14309"}],"curies":[{"name":"wp","href":"https:\/\/api.w.org\/{rel}","templated":true}]}}