{"id":14129,"date":"2014-05-22T00:05:19","date_gmt":"2014-05-21T22:05:19","guid":{"rendered":"http:\/\/blog.laveredadepuebla.com\/?p=14129"},"modified":"2023-02-10T12:21:57","modified_gmt":"2023-02-10T12:21:57","slug":"el-valle-del-arroyo-valdelacasa","status":"publish","type":"post","link":"https:\/\/blog.sierranortedeguadalajara.com\/?p=14129","title":{"rendered":"El valle del arroyo Valdelacasa"},"content":{"rendered":"<p><a href=\"http:\/\/laveredadepuebla.files.wordpress.com\/2014\/05\/140522-valle-1.jpg\"><img loading=\"lazy\" decoding=\"async\" class=\"aligncenter size-large wp-image-14130\" src=\"https:\/\/blog.sierranortedeguadalajara.com\/wp-content\/uploads\/2023\/02\/140522-valle-1.jpg\" alt=\"140522 valle 1\" width=\"500\" height=\"375\" \/><\/a>Dos im\u00e1genes diferentes de este <a href=\"http:\/\/blog.laveredadepuebla.com\/2010\/01\/17\/valdelacasa\/\"><em><strong>precioso valle<\/strong><\/em><\/a> que en primavera est\u00e1 espectacular. Un paseo c\u00f3modo y sencillo te lo mostrar\u00e1.<a href=\"http:\/\/laveredadepuebla.files.wordpress.com\/2014\/05\/140522-valle-3.jpg\"><img loading=\"lazy\" decoding=\"async\" class=\"aligncenter size-large wp-image-14131\" src=\"https:\/\/blog.sierranortedeguadalajara.com\/wp-content\/uploads\/2023\/02\/140522-valle-3.jpg\" alt=\"140522 valle 3\" width=\"500\" height=\"375\" \/><\/a><\/p>\n<p><em><strong>Lar-ami<\/strong><\/em><\/p>\n","protected":false},"excerpt":{"rendered":"<p>Dos im\u00e1genes diferentes de este precioso valle que en primavera est\u00e1 espectacular. Un paseo c\u00f3modo y sencillo te lo mostrar\u00e1. Lar-ami<\/p>\n","protected":false},"author":1,"featured_media":0,"comment_status":"open","ping_status":"open","sticky":false,"template":"","format":"standard","meta":{"footnotes":""},"categories":[12,9],"tags":[2,145,7],"class_list":["post-14129","post","type-post","status-publish","format-standard","hentry","category-actualidad","category-rincones-de-la-sierra-norte","tag-actualidad","tag-la-ribera","tag-naturaleza","entry"],"_links":{"self":[{"href":"https:\/\/blog.sierranortedeguadalajara.com\/index.php?rest_route=\/wp\/v2\/posts\/14129","targetHints":{"allow":["GET"]}}],"collection":[{"href":"https:\/\/blog.sierranortedeguadalajara.com\/index.php?rest_route=\/wp\/v2\/posts"}],"about":[{"href":"https:\/\/blog.sierranortedeguadalajara.com\/index.php?rest_route=\/wp\/v2\/types\/post"}],"author":[{"embeddable":true,"href":"https:\/\/blog.sierranortedeguadalajara.com\/index.php?rest_route=\/wp\/v2\/users\/1"}],"replies":[{"embeddable":true,"href":"https:\/\/blog.sierranortedeguadalajara.com\/index.php?rest_route=%2Fwp%2Fv2%2Fcomments&post=14129"}],"version-history":[{"count":1,"href":"https:\/\/blog.sierranortedeguadalajara.com\/index.php?rest_route=\/wp\/v2\/posts\/14129\/revisions"}],"predecessor-version":[{"id":28920,"href":"https:\/\/blog.sierranortedeguadalajara.com\/index.php?rest_route=\/wp\/v2\/posts\/14129\/revisions\/28920"}],"wp:attachment":[{"href":"https:\/\/blog.sierranortedeguadalajara.com\/index.php?rest_route=%2Fwp%2Fv2%2Fmedia&parent=14129"}],"wp:term":[{"taxonomy":"category","embeddable":true,"href":"https:\/\/blog.sierranortedeguadalajara.com\/index.php?rest_route=%2Fwp%2Fv2%2Fcategories&post=14129"},{"taxonomy":"post_tag","embeddable":true,"href":"https:\/\/blog.sierranortedeguadalajara.com\/index.php?rest_route=%2Fwp%2Fv2%2Ftags&post=14129"}],"curies":[{"name":"wp","href":"https:\/\/api.w.org\/{rel}","templated":true}]}}