{"id":14030,"date":"2014-04-30T00:05:44","date_gmt":"2014-04-29T22:05:44","guid":{"rendered":"http:\/\/blog.laveredadepuebla.com\/?p=14030"},"modified":"2023-02-10T12:22:11","modified_gmt":"2023-02-10T12:22:11","slug":"el-ermitano-de-los-enebrales","status":"publish","type":"post","link":"https:\/\/blog.sierranortedeguadalajara.com\/?p=14030","title":{"rendered":"El ermita\u00f1o de los Enebrales"},"content":{"rendered":"<p><a href=\"http:\/\/laveredadepuebla.files.wordpress.com\/2014\/04\/140430-ermitac3b1o-1.jpg\"><img loading=\"lazy\" decoding=\"async\" class=\"alignright size-medium wp-image-14031\" src=\"https:\/\/blog.sierranortedeguadalajara.com\/wp-content\/uploads\/2023\/02\/140430-ermitac3b1o-1.jpg\" alt=\"140430 ermita\u00f1o 1\" width=\"300\" height=\"225\" \/><\/a>Algunos visitantes se sorprenden por unas ruinas junto a la <a href=\"http:\/\/blog.laveredadepuebla.com\/2011\/02\/07\/la-ermita-de-los-enebrales\/\"><em><strong>ermita de los Enebrales<\/strong><\/em><\/a>; pocos preguntan y a los que lo hacen se les despacha con <strong>\u201ces la casa del ermita\u00f1o\u201d<\/strong>. Pero en realidad era <a href=\"http:\/\/es.wikipedia.org\/wiki\/Santero_%28limosna%29\"><strong><em>santero<\/em><\/strong><\/a>, que cuidaba de la ermita, ayudaba en los oficios y sobreviv\u00eda con las limosnas de los visitantes.<\/p>\n<p>Aunque el <a href=\"http:\/\/www.laveredadepuebla.com\/rutasypueblos\/enebrales.pdf\"><strong><em>origen de la ermita<\/em> <\/strong><\/a>parece ser medieval y su construcci\u00f3n del siglo XVI, no hemos encontrado documentaci\u00f3n sobre el santero \u00f3 su morada. Parece ser que lo hubo hasta poco antes de la guerra civil, que habitaba la casa hasta que fue abandonada en esas fechas.<\/p>\n<p><a href=\"http:\/\/laveredadepuebla.files.wordpress.com\/2014\/04\/140430-ermitac3b1o-2.jpg\"><img loading=\"lazy\" decoding=\"async\" class=\"alignleft wp-image-14032 size-thumbnail\" src=\"https:\/\/blog.sierranortedeguadalajara.com\/wp-content\/uploads\/2023\/02\/140430-ermitac3b1o-2.jpg\" alt=\"140430 ermita\u00f1o 2\" width=\"150\" height=\"112\" \/><\/a>Nada se sabe del santero, salvo que en el siglo XVIII estas figuras proliferaron por todo el pa\u00eds. Dado que la ermita fue remodelada en esta \u00e9poca, el tipo de construcci\u00f3n y los materiales empleados (sillarejo de caliza), hace pensar que podr\u00eda datarse en este siglo.<\/p>\n<p><em><strong>Lar-ami<\/strong><\/em><\/p>\n","protected":false},"excerpt":{"rendered":"<p>Algunos visitantes se sorprenden por unas ruinas junto a la ermita de los Enebrales; pocos preguntan y a los que lo hacen se les despacha con \u201ces la casa del ermita\u00f1o\u201d. Pero en realidad era santero, que cuidaba de la ermita, ayudaba en los oficios y sobreviv\u00eda con las limosnas de los visitantes. Aunque el &hellip; <\/p>\n<p class=\"link-more\"><a href=\"https:\/\/blog.sierranortedeguadalajara.com\/?p=14030\" class=\"more-link\">Seguir leyendo<span class=\"screen-reader-text\"> \u00abEl ermita\u00f1o de los Enebrales\u00bb<\/span><\/a><\/p>\n","protected":false},"author":1,"featured_media":0,"comment_status":"open","ping_status":"open","sticky":false,"template":"","format":"standard","meta":{"footnotes":""},"categories":[17,9],"tags":[2,100,5,62,161,50,21],"class_list":["post-14030","post","type-post","status-publish","format-standard","hentry","category-paisajes-y-lugares-de-la-sierra-norte","category-rincones-de-la-sierra-norte","tag-actualidad","tag-costumbres-y-tradiciones","tag-historia","tag-leyenda","tag-naturaleza-siglo-xviii","tag-siglo-xvi","tag-tamajon","entry"],"_links":{"self":[{"href":"https:\/\/blog.sierranortedeguadalajara.com\/index.php?rest_route=\/wp\/v2\/posts\/14030","targetHints":{"allow":["GET"]}}],"collection":[{"href":"https:\/\/blog.sierranortedeguadalajara.com\/index.php?rest_route=\/wp\/v2\/posts"}],"about":[{"href":"https:\/\/blog.sierranortedeguadalajara.com\/index.php?rest_route=\/wp\/v2\/types\/post"}],"author":[{"embeddable":true,"href":"https:\/\/blog.sierranortedeguadalajara.com\/index.php?rest_route=\/wp\/v2\/users\/1"}],"replies":[{"embeddable":true,"href":"https:\/\/blog.sierranortedeguadalajara.com\/index.php?rest_route=%2Fwp%2Fv2%2Fcomments&post=14030"}],"version-history":[{"count":1,"href":"https:\/\/blog.sierranortedeguadalajara.com\/index.php?rest_route=\/wp\/v2\/posts\/14030\/revisions"}],"predecessor-version":[{"id":28979,"href":"https:\/\/blog.sierranortedeguadalajara.com\/index.php?rest_route=\/wp\/v2\/posts\/14030\/revisions\/28979"}],"wp:attachment":[{"href":"https:\/\/blog.sierranortedeguadalajara.com\/index.php?rest_route=%2Fwp%2Fv2%2Fmedia&parent=14030"}],"wp:term":[{"taxonomy":"category","embeddable":true,"href":"https:\/\/blog.sierranortedeguadalajara.com\/index.php?rest_route=%2Fwp%2Fv2%2Fcategories&post=14030"},{"taxonomy":"post_tag","embeddable":true,"href":"https:\/\/blog.sierranortedeguadalajara.com\/index.php?rest_route=%2Fwp%2Fv2%2Ftags&post=14030"}],"curies":[{"name":"wp","href":"https:\/\/api.w.org\/{rel}","templated":true}]}}