{"id":14013,"date":"2014-04-28T00:05:05","date_gmt":"2014-04-27T22:05:05","guid":{"rendered":"http:\/\/blog.laveredadepuebla.com\/?p=14013"},"modified":"2023-02-10T12:22:12","modified_gmt":"2023-02-10T12:22:12","slug":"la-ermita-de-villadiego","status":"publish","type":"post","link":"https:\/\/blog.sierranortedeguadalajara.com\/?p=14013","title":{"rendered":"La ermita de Villadiego"},"content":{"rendered":"<p>El dicho popular <a href=\"http:\/\/www.lasfrasesparahoy.com\/rec\/frorigen046.htm\"><strong><em>\u201cTomar las de Villadiego\u201d<\/em><\/strong><\/a> significa huir a escape, desentenderse de una situaci\u00f3n complicada. Debe ser muy antiguo, ya que en el siglo XVI se cita en <em><strong>\u201cLa Celestina\u201d<\/strong><\/em>. El origen del dicho est\u00e1 ligado a la villa burgalesa de <strong><em>Villadiego<\/em><\/strong>.<a href=\"http:\/\/laveredadepuebla.files.wordpress.com\/2014\/04\/140425-villadiego-1.jpg\"><img loading=\"lazy\" decoding=\"async\" class=\"alignright size-medium wp-image-14014\" src=\"https:\/\/blog.sierranortedeguadalajara.com\/wp-content\/uploads\/2023\/02\/140425-villadiego-1.jpg\" alt=\"140425 Villadiego 1\" width=\"300\" height=\"225\" \/><\/a> Seg\u00fan algunos por las alforjas de viajes, seg\u00fan otros por un aventurero del lugar que sali\u00f3 huyendo. Pero la versi\u00f3n mas cre\u00edble tiene que ver con <em><strong>Fernando III el Santo<\/strong><\/em> (siglo XIII), los jud\u00edos y un edicto que los proteg\u00eda de la justicia si se refugiaban en esta villa.<\/p>\n<p><em><strong>\u00bfY por que lo cuento?<\/strong> <\/em>Pues porque pr\u00f3xima al lugar de nacimiento de los propietario de la casa que protejo y guardo (<a href=\"http:\/\/blog.laveredadepuebla.com\/2013\/01\/25\/palma-del-rio\/\"><em><strong>Palma del R\u00edo<\/strong><\/em><\/a>) est\u00e1 la<a href=\"http:\/\/virgendevilladiego.blogspot.com.es\/p\/ermita.html\"><strong><em> ermita de la Virgen de Villadiego,<\/em><\/strong><\/a> patrona del pueblo vecino de <a href=\"http:\/\/es.wikipedia.org\/wiki\/Pe%C3%B1aflor_%28Sevilla%29\"><strong><em>Pe\u00f1aflor<\/em><\/strong><\/a> y cuya romer\u00eda se celebra el 14 de agosto.<a href=\"http:\/\/laveredadepuebla.files.wordpress.com\/2014\/04\/140425-villadiego-2.jpg\"><img loading=\"lazy\" decoding=\"async\" class=\"alignleft size-medium wp-image-14015\" src=\"https:\/\/blog.sierranortedeguadalajara.com\/wp-content\/uploads\/2023\/02\/140425-villadiego-2.jpg\" alt=\"140425 villadiego 2\" width=\"300\" height=\"225\" \/><\/a><\/p>\n<p>Esto no ser\u00eda necesario si la ermita no fuera de origen mud\u00e9jar y estuviera a una torre del siglo XIII. Y visitando el lugar se me ocurri\u00f3 otra versi\u00f3n sobre el origen del dicho: <em><strong>un caballero se refugi\u00f3 en la ermita huyendo de los \u00e1rabes (sus incursiones en esta zona eran frecuentes durante el siglo XIII). <\/strong>Obviamente no hay nada que lo sustente, pero \u00bfa que queda bonito?<\/em><br \/>\n<em><strong>Lar-ami<\/strong><\/em><\/p>\n","protected":false},"excerpt":{"rendered":"<p>El dicho popular \u201cTomar las de Villadiego\u201d significa huir a escape, desentenderse de una situaci\u00f3n complicada. Debe ser muy antiguo, ya que en el siglo XVI se cita en \u201cLa Celestina\u201d. El origen del dicho est\u00e1 ligado a la villa burgalesa de Villadiego. Seg\u00fan algunos por las alforjas de viajes, seg\u00fan otros por un aventurero &hellip; <\/p>\n<p class=\"link-more\"><a href=\"https:\/\/blog.sierranortedeguadalajara.com\/?p=14013\" class=\"more-link\">Seguir leyendo<span class=\"screen-reader-text\"> \u00abLa ermita de Villadiego\u00bb<\/span><\/a><\/p>\n","protected":false},"author":1,"featured_media":0,"comment_status":"open","ping_status":"open","sticky":false,"template":"","format":"standard","meta":{"footnotes":""},"categories":[12,17],"tags":[2,4,44,5,7],"class_list":["post-14013","post","type-post","status-publish","format-standard","hentry","category-actualidad","category-paisajes-y-lugares-de-la-sierra-norte","tag-actualidad","tag-cultura","tag-edad-media","tag-historia","tag-naturaleza","entry"],"_links":{"self":[{"href":"https:\/\/blog.sierranortedeguadalajara.com\/index.php?rest_route=\/wp\/v2\/posts\/14013","targetHints":{"allow":["GET"]}}],"collection":[{"href":"https:\/\/blog.sierranortedeguadalajara.com\/index.php?rest_route=\/wp\/v2\/posts"}],"about":[{"href":"https:\/\/blog.sierranortedeguadalajara.com\/index.php?rest_route=\/wp\/v2\/types\/post"}],"author":[{"embeddable":true,"href":"https:\/\/blog.sierranortedeguadalajara.com\/index.php?rest_route=\/wp\/v2\/users\/1"}],"replies":[{"embeddable":true,"href":"https:\/\/blog.sierranortedeguadalajara.com\/index.php?rest_route=%2Fwp%2Fv2%2Fcomments&post=14013"}],"version-history":[{"count":1,"href":"https:\/\/blog.sierranortedeguadalajara.com\/index.php?rest_route=\/wp\/v2\/posts\/14013\/revisions"}],"predecessor-version":[{"id":28986,"href":"https:\/\/blog.sierranortedeguadalajara.com\/index.php?rest_route=\/wp\/v2\/posts\/14013\/revisions\/28986"}],"wp:attachment":[{"href":"https:\/\/blog.sierranortedeguadalajara.com\/index.php?rest_route=%2Fwp%2Fv2%2Fmedia&parent=14013"}],"wp:term":[{"taxonomy":"category","embeddable":true,"href":"https:\/\/blog.sierranortedeguadalajara.com\/index.php?rest_route=%2Fwp%2Fv2%2Fcategories&post=14013"},{"taxonomy":"post_tag","embeddable":true,"href":"https:\/\/blog.sierranortedeguadalajara.com\/index.php?rest_route=%2Fwp%2Fv2%2Ftags&post=14013"}],"curies":[{"name":"wp","href":"https:\/\/api.w.org\/{rel}","templated":true}]}}