{"id":13994,"date":"2014-04-22T00:05:11","date_gmt":"2014-04-21T22:05:11","guid":{"rendered":"http:\/\/blog.laveredadepuebla.com\/?p=13994"},"modified":"2023-02-10T12:22:16","modified_gmt":"2023-02-10T12:22:16","slug":"el-renacer-de-los-robles","status":"publish","type":"post","link":"https:\/\/blog.sierranortedeguadalajara.com\/?p=13994","title":{"rendered":"El renacer de los robles"},"content":{"rendered":"<p><a href=\"http:\/\/laveredadepuebla.files.wordpress.com\/2014\/04\/140422-rrobles-1.jpg\"><img loading=\"lazy\" decoding=\"async\" class=\"alignright size-medium wp-image-13995\" src=\"https:\/\/blog.sierranortedeguadalajara.com\/wp-content\/uploads\/2023\/02\/140422-rrobles-1.jpg\" alt=\"140422 rrobles 1\" width=\"225\" height=\"300\" \/><\/a>Para un observador que asiduamente acude a los campos de <a href=\"Para%20un observador que asiduamente acude a los campos de La Ribera resulta maravilloso contemplar como avanza la primavera por fases y como afecta a los \u00e1rboles de una misma especie. As\u00ed los robles presentan caras muy diferentes en los primeros d\u00edas de abril seg\u00fan su ubicaci\u00f3n.   Desde un mismo mirador pueden observarse distintos estados de la recuperaci\u00f3n de hojas y brotes, tan distintas que parece que algunos renacen y otros han muerto para siempre.  Pero al acercarnos a ellos observamos que las yemas conviven con  los restos del invierno. \u00a1Otro milagro de la naturaleza!  Lar-ami\"><strong><em>La Ribera<\/em> <\/strong><\/a>resulta maravilloso contemplar como avanza la primavera por fases y como afecta a los \u00e1rboles de una misma especie. As\u00ed <a href=\"http:\/\/blog.laveredadepuebla.com\/2013\/11\/01\/robles-centenarios-en-el-pinar\/\"><em><strong>los robles<\/strong><\/em><\/a> presentan caras muy diferentes en los primeros d\u00edas de abril seg\u00fan su ubicaci\u00f3n.<\/p>\n<p><a href=\"http:\/\/laveredadepuebla.files.wordpress.com\/2014\/04\/140422-rrobles-2.jpg\"><img loading=\"lazy\" decoding=\"async\" class=\"alignleft size-medium wp-image-13996\" src=\"https:\/\/blog.sierranortedeguadalajara.com\/wp-content\/uploads\/2023\/02\/140422-rrobles-2.jpg\" alt=\"140422 rrobles 2\" width=\"225\" height=\"300\" \/><\/a>Desde un mismo mirador pueden observarse distintos estados de la recuperaci\u00f3n de hojas y brotes, tan distintas que parece que algunos renacen y otros han muerto para siempre.<\/p>\n<p><a href=\"http:\/\/laveredadepuebla.files.wordpress.com\/2014\/04\/140422-rrobles-3.jpg\"><img loading=\"lazy\" decoding=\"async\" class=\"alignright size-thumbnail wp-image-13997\" src=\"https:\/\/blog.sierranortedeguadalajara.com\/wp-content\/uploads\/2023\/02\/140422-rrobles-3.jpg\" alt=\"140422 rrobles 3\" width=\"150\" height=\"112\" \/><\/a>Pero al acercarnos a ellos observamos que las yemas conviven con los restos del invierno. \u00a1Otro milagro de la naturaleza!<\/p>\n<p><em><strong>Lar-ami<\/strong><\/em><\/p>\n","protected":false},"excerpt":{"rendered":"<p>Para un observador que asiduamente acude a los campos de La Ribera resulta maravilloso contemplar como avanza la primavera por fases y como afecta a los \u00e1rboles de una misma especie. As\u00ed los robles presentan caras muy diferentes en los primeros d\u00edas de abril seg\u00fan su ubicaci\u00f3n. Desde un mismo mirador pueden observarse distintos estados &hellip; <\/p>\n<p class=\"link-more\"><a href=\"https:\/\/blog.sierranortedeguadalajara.com\/?p=13994\" class=\"more-link\">Seguir leyendo<span class=\"screen-reader-text\"> \u00abEl renacer de los robles\u00bb<\/span><\/a><\/p>\n","protected":false},"author":1,"featured_media":0,"comment_status":"open","ping_status":"open","sticky":false,"template":"","format":"standard","meta":{"footnotes":""},"categories":[12,17,9],"tags":[2,145,7],"class_list":["post-13994","post","type-post","status-publish","format-standard","hentry","category-actualidad","category-paisajes-y-lugares-de-la-sierra-norte","category-rincones-de-la-sierra-norte","tag-actualidad","tag-la-ribera","tag-naturaleza","entry"],"_links":{"self":[{"href":"https:\/\/blog.sierranortedeguadalajara.com\/index.php?rest_route=\/wp\/v2\/posts\/13994","targetHints":{"allow":["GET"]}}],"collection":[{"href":"https:\/\/blog.sierranortedeguadalajara.com\/index.php?rest_route=\/wp\/v2\/posts"}],"about":[{"href":"https:\/\/blog.sierranortedeguadalajara.com\/index.php?rest_route=\/wp\/v2\/types\/post"}],"author":[{"embeddable":true,"href":"https:\/\/blog.sierranortedeguadalajara.com\/index.php?rest_route=\/wp\/v2\/users\/1"}],"replies":[{"embeddable":true,"href":"https:\/\/blog.sierranortedeguadalajara.com\/index.php?rest_route=%2Fwp%2Fv2%2Fcomments&post=13994"}],"version-history":[{"count":1,"href":"https:\/\/blog.sierranortedeguadalajara.com\/index.php?rest_route=\/wp\/v2\/posts\/13994\/revisions"}],"predecessor-version":[{"id":29003,"href":"https:\/\/blog.sierranortedeguadalajara.com\/index.php?rest_route=\/wp\/v2\/posts\/13994\/revisions\/29003"}],"wp:attachment":[{"href":"https:\/\/blog.sierranortedeguadalajara.com\/index.php?rest_route=%2Fwp%2Fv2%2Fmedia&parent=13994"}],"wp:term":[{"taxonomy":"category","embeddable":true,"href":"https:\/\/blog.sierranortedeguadalajara.com\/index.php?rest_route=%2Fwp%2Fv2%2Fcategories&post=13994"},{"taxonomy":"post_tag","embeddable":true,"href":"https:\/\/blog.sierranortedeguadalajara.com\/index.php?rest_route=%2Fwp%2Fv2%2Ftags&post=13994"}],"curies":[{"name":"wp","href":"https:\/\/api.w.org\/{rel}","templated":true}]}}