{"id":13987,"date":"2014-04-21T00:05:21","date_gmt":"2014-04-20T22:05:21","guid":{"rendered":"http:\/\/blog.laveredadepuebla.com\/?p=13987"},"modified":"2023-02-10T12:22:17","modified_gmt":"2023-02-10T12:22:17","slug":"fuera-racismo","status":"publish","type":"post","link":"https:\/\/blog.sierranortedeguadalajara.com\/?p=13987","title":{"rendered":"\u00a1Fuera racismo!"},"content":{"rendered":"<p><a href=\"http:\/\/laveredadepuebla.files.wordpress.com\/2014\/04\/140421-racismo-1.jpg\"><img loading=\"lazy\" decoding=\"async\" class=\"alignright size-medium wp-image-13988\" src=\"https:\/\/blog.sierranortedeguadalajara.com\/wp-content\/uploads\/2023\/02\/140421-racismo-1.jpg\" alt=\"140421 racismo 1\" width=\"300\" height=\"225\" \/><\/a>En estos tiempos de crisis crecen grupos que achacan a los inmigrantes todos los problemas del pa\u00eds. Sobre todo a <strong><em>sub-saharianos, \u00e1rabes, sudamericanos, gentes de Europa del Este<\/em><\/strong> \u2026 Les acusan de todo: quitan trabajo, se aprovechan del sistema, roban, est\u00e1n sucios, son unos salvajes, \u2026<\/p>\n<p><a href=\"http:\/\/laveredadepuebla.files.wordpress.com\/2014\/04\/140421-racismo-2.jpg\"><img loading=\"lazy\" decoding=\"async\" class=\"alignleft size-thumbnail wp-image-13989\" src=\"https:\/\/blog.sierranortedeguadalajara.com\/wp-content\/uploads\/2023\/02\/140421-racismo-2.jpg\" alt=\"140421 racismo 2\" width=\"112\" height=\"150\" \/><\/a>Se les olvida que los espa\u00f1oles tambi\u00e9n fuimos y somos<a href=\"http:\/\/www.unric.org\/es\/desempleo-juvenil\/279-los-espanoles-vuelven-a-ser-emigrantes\"><em><strong> emigrantes.<\/strong><\/em><\/a> En Sudam\u00e9rica los <a href=\"http:\/\/www.cervantesvirtual.com\/obra-visor\/exiliados-y-emigrados-19391999--0\/html\/ffdf03e4-82b1-11df-acc7-002185ce6064_7.html\"><strong><em>exilados de la guerra civil<\/em> <\/strong><\/a>tuvieron una excelente acogida, pero en Europa Central recibimos un trato parecido al que ahora damos a estos colectivos.<a href=\"http:\/\/laveredadepuebla.files.wordpress.com\/2014\/04\/140421-racismo-3.jpg\"><img loading=\"lazy\" decoding=\"async\" class=\"alignright size-thumbnail wp-image-13990\" src=\"https:\/\/blog.sierranortedeguadalajara.com\/wp-content\/uploads\/2023\/02\/140421-racismo-3.jpg\" alt=\"140421 racismo 3\" width=\"150\" height=\"112\" \/><\/a><\/p>\n<p>Mientras la Pen\u00ednsula ib\u00e9rica estaba en la Edad Media, el Imperio de Mal\u00ed constru\u00eda <a href=\"http:\/\/www.ovpm.org\/es\/rep_de_mali\/tombuctu\"><em><strong>Tombuct\u00fa<\/strong><\/em><\/a>, los Incas el santuario de <a href=\"https:\/\/www.youtube.com\/watch?v=6jJW7aSNCzU\"><strong><em>Machu Picchu<\/em> <\/strong><\/a>y los \u00e1rabes disfrutaban de la <a href=\"https:\/\/www.youtube.com\/watch?v=SE4kemMXzQk\"><strong><em>Mezquita de C\u00f3rdoba<\/em><\/strong><\/a>, la <a href=\"https:\/\/www.youtube.com\/watch?v=_6O5l416EPk\"><strong><em>Alhambra,<\/em><\/strong><\/a> <a href=\"https:\/\/www.youtube.com\/watch?v=jUDPpD5A138\"><strong><em>la Giralda<\/em><\/strong><\/a>, \u2026 y <a href=\"http:\/\/www.andalucia.org\/es\/turismo-cultural\/visitas\/cordoba\/museos\/conjunto-arqueologico-medina-azahara\/\"><em><strong>Medina Azahara<\/strong><\/em><\/a>.<a href=\"http:\/\/laveredadepuebla.files.wordpress.com\/2014\/04\/140421-racismo-4.jpg\"><img loading=\"lazy\" decoding=\"async\" class=\"alignright size-medium wp-image-13991\" src=\"https:\/\/blog.sierranortedeguadalajara.com\/wp-content\/uploads\/2023\/02\/140421-racismo-4.jpg\" alt=\"140421 racismo 4\" width=\"300\" height=\"225\" \/><\/a><\/p>\n<p>El lujo de sus aposentos, la distribuci\u00f3n de calles, los jardines, patios, saneamientos, letrinas, poyetes para dormir, \u2026 me han hecho reflexionar sobre la grandeza de sus gentes. Y nuestra pobreza de esp\u00edritu que nos impide reconocer que todos los que aqu\u00ed vivimos, independiente de su origen, tenemos los mismos derechos. As\u00ed debemos exigirlo a nuestros gobernantes.<\/p>\n<p><strong><em>\u00a1Fuera racismo!<\/em><\/strong> Sea del color que sea.<\/p>\n<p><strong><em>Lar-ami<\/em><\/strong><\/p>\n","protected":false},"excerpt":{"rendered":"<p>En estos tiempos de crisis crecen grupos que achacan a los inmigrantes todos los problemas del pa\u00eds. Sobre todo a sub-saharianos, \u00e1rabes, sudamericanos, gentes de Europa del Este \u2026 Les acusan de todo: quitan trabajo, se aprovechan del sistema, roban, est\u00e1n sucios, son unos salvajes, \u2026 Se les olvida que los espa\u00f1oles tambi\u00e9n fuimos y &hellip; <\/p>\n<p class=\"link-more\"><a href=\"https:\/\/blog.sierranortedeguadalajara.com\/?p=13987\" class=\"more-link\">Seguir leyendo<span class=\"screen-reader-text\"> \u00ab\u00a1Fuera racismo!\u00bb<\/span><\/a><\/p>\n","protected":false},"author":1,"featured_media":0,"comment_status":"open","ping_status":"open","sticky":false,"template":"","format":"standard","meta":{"footnotes":""},"categories":[12],"tags":[2,100,4],"class_list":["post-13987","post","type-post","status-publish","format-standard","hentry","category-actualidad","tag-actualidad","tag-costumbres-y-tradiciones","tag-cultura","entry"],"_links":{"self":[{"href":"https:\/\/blog.sierranortedeguadalajara.com\/index.php?rest_route=\/wp\/v2\/posts\/13987","targetHints":{"allow":["GET"]}}],"collection":[{"href":"https:\/\/blog.sierranortedeguadalajara.com\/index.php?rest_route=\/wp\/v2\/posts"}],"about":[{"href":"https:\/\/blog.sierranortedeguadalajara.com\/index.php?rest_route=\/wp\/v2\/types\/post"}],"author":[{"embeddable":true,"href":"https:\/\/blog.sierranortedeguadalajara.com\/index.php?rest_route=\/wp\/v2\/users\/1"}],"replies":[{"embeddable":true,"href":"https:\/\/blog.sierranortedeguadalajara.com\/index.php?rest_route=%2Fwp%2Fv2%2Fcomments&post=13987"}],"version-history":[{"count":1,"href":"https:\/\/blog.sierranortedeguadalajara.com\/index.php?rest_route=\/wp\/v2\/posts\/13987\/revisions"}],"predecessor-version":[{"id":29008,"href":"https:\/\/blog.sierranortedeguadalajara.com\/index.php?rest_route=\/wp\/v2\/posts\/13987\/revisions\/29008"}],"wp:attachment":[{"href":"https:\/\/blog.sierranortedeguadalajara.com\/index.php?rest_route=%2Fwp%2Fv2%2Fmedia&parent=13987"}],"wp:term":[{"taxonomy":"category","embeddable":true,"href":"https:\/\/blog.sierranortedeguadalajara.com\/index.php?rest_route=%2Fwp%2Fv2%2Fcategories&post=13987"},{"taxonomy":"post_tag","embeddable":true,"href":"https:\/\/blog.sierranortedeguadalajara.com\/index.php?rest_route=%2Fwp%2Fv2%2Ftags&post=13987"}],"curies":[{"name":"wp","href":"https:\/\/api.w.org\/{rel}","templated":true}]}}