{"id":13879,"date":"2014-03-21T00:05:37","date_gmt":"2014-03-20T23:05:37","guid":{"rendered":"http:\/\/blog.laveredadepuebla.com\/?p=13879"},"modified":"2023-02-10T12:22:34","modified_gmt":"2023-02-10T12:22:34","slug":"y-el-jarama-desbordado","status":"publish","type":"post","link":"https:\/\/blog.sierranortedeguadalajara.com\/?p=13879","title":{"rendered":"Y el Jarama desbordado\u2026"},"content":{"rendered":"<p><!--[if gte mso 9]&gt;--><\/p>\n<p class=\"MsoNormal\"><span style=\"font-size:11pt;\">\u2026 desde el muro de la <a href=\"http:\/\/blog.laveredadepuebla.com\/2009\/08\/22\/la-presa-del-vado\/\"><strong><em>presa del Vado<\/em><\/strong><\/a>. <a href=\"http:\/\/laveredadepuebla.files.wordpress.com\/2014\/03\/140321-y-el-jarama-11.jpg\"><img loading=\"lazy\" decoding=\"async\" class=\"alignright  wp-image-13882\" alt=\"140321 y el jarama 1\" src=\"https:\/\/blog.sierranortedeguadalajara.com\/wp-content\/uploads\/2023\/02\/140321-y-el-jarama-11.jpg\" width=\"240\" height=\"180\" \/><\/a><\/span><\/p>\n<p class=\"MsoNormal\"><span style=\"font-size:11pt;\">Pero resulta impresionante la fuerza que alcanza<a href=\"http:\/\/blog.laveredadepuebla.com\/2009\/08\/27\/rio-jarama\/\"><strong><em> el r\u00edo<\/em> <\/strong><\/a>a su paso po<strong><em>r <a href=\"http:\/\/www.laveredadepuebla.com\/rutasypueblos\/pueblava.pdf\">Puebla de Valles<\/a><\/em><\/strong>, anegando las tierras de labor y destrozando lo que encuentra a su paso: \u00e1rboles, vados, caminos, regueras, puestos de pesca,\u2026<\/span><\/p>\n<p class=\"MsoNormal\"><span style=\"font-size:11pt;\"><a href=\"http:\/\/laveredadepuebla.files.wordpress.com\/2014\/03\/140321-y-el-jarama-2.jpg\"><img loading=\"lazy\" decoding=\"async\" class=\"alignleft  wp-image-13883\" alt=\"140321 y el jarama 2\" src=\"https:\/\/blog.sierranortedeguadalajara.com\/wp-content\/uploads\/2023\/02\/140321-y-el-jarama-2.jpg\" width=\"240\" height=\"180\" \/><\/a>Despu\u00e9s solo quedar\u00e1n ramas y troncos arrastrados por la corriente, cruzados sobre el cauce y\/o amontonados en las orillas. Si ya es dif\u00edcil el acceso al r\u00edo por la maleza ya hace, la riada lo ser\u00e1 a\u00fan m\u00e1.<\/span><\/p>\n<p class=\"MsoNormal\"><span style=\"font-size:11pt;\">Luego ser\u00e1n labradores y vecinos del lugar quienes limpien, una vez m\u00e1s, las zonas de paso y de ba\u00f1o para que sigan siendo accesibles. Arreglar\u00e1n caminos, regueras,\u2026 mientras las administraciones manifestar\u00e1n su honda preocupaci\u00f3n. <a href=\"http:\/\/laveredadepuebla.files.wordpress.com\/2014\/03\/140321-y-el-jarama-3.jpg\"><img loading=\"lazy\" decoding=\"async\" class=\"alignright  wp-image-13884\" alt=\"140321 y el Jarama 3\" src=\"https:\/\/blog.sierranortedeguadalajara.com\/wp-content\/uploads\/2023\/02\/140321-y-el-jarama-3.jpg\" width=\"240\" height=\"180\" \/><\/a><\/span><\/p>\n<p class=\"MsoNormal\"><span style=\"font-size:11pt;\">Pero no vendr\u00e1n ni se las espera para estas labores. M\u00e1s tarde acudir\u00e1n prestas para las fotos y\/o para multar a estos mismosvecinos cuando corten unas varas y\/o ca\u00f1as para sujetar los tomates.<\/span><\/p>\n<p><b><i>Lar-ami<\/i><\/b><\/p>\n","protected":false},"excerpt":{"rendered":"<p>\u2026 desde el muro de la presa del Vado. Pero resulta impresionante la fuerza que alcanza el r\u00edo a su paso por Puebla de Valles, anegando las tierras de labor y destrozando lo que encuentra a su paso: \u00e1rboles, vados, caminos, regueras, puestos de pesca,\u2026 Despu\u00e9s solo quedar\u00e1n ramas y troncos arrastrados por la corriente, &hellip; <\/p>\n<p class=\"link-more\"><a href=\"https:\/\/blog.sierranortedeguadalajara.com\/?p=13879\" class=\"more-link\">Seguir leyendo<span class=\"screen-reader-text\"> \u00abY el Jarama desbordado\u2026\u00bb<\/span><\/a><\/p>\n","protected":false},"author":1,"featured_media":0,"comment_status":"open","ping_status":"open","sticky":false,"template":"","format":"standard","meta":{"footnotes":""},"categories":[12,17,9],"tags":[2,26,35,145,7,8],"class_list":["post-13879","post","type-post","status-publish","format-standard","hentry","category-actualidad","category-paisajes-y-lugares-de-la-sierra-norte","category-rincones-de-la-sierra-norte","tag-actualidad","tag-el-vado","tag-jarama","tag-la-ribera","tag-naturaleza","tag-puebla-de-valles","entry"],"_links":{"self":[{"href":"https:\/\/blog.sierranortedeguadalajara.com\/index.php?rest_route=\/wp\/v2\/posts\/13879","targetHints":{"allow":["GET"]}}],"collection":[{"href":"https:\/\/blog.sierranortedeguadalajara.com\/index.php?rest_route=\/wp\/v2\/posts"}],"about":[{"href":"https:\/\/blog.sierranortedeguadalajara.com\/index.php?rest_route=\/wp\/v2\/types\/post"}],"author":[{"embeddable":true,"href":"https:\/\/blog.sierranortedeguadalajara.com\/index.php?rest_route=\/wp\/v2\/users\/1"}],"replies":[{"embeddable":true,"href":"https:\/\/blog.sierranortedeguadalajara.com\/index.php?rest_route=%2Fwp%2Fv2%2Fcomments&post=13879"}],"version-history":[{"count":1,"href":"https:\/\/blog.sierranortedeguadalajara.com\/index.php?rest_route=\/wp\/v2\/posts\/13879\/revisions"}],"predecessor-version":[{"id":29080,"href":"https:\/\/blog.sierranortedeguadalajara.com\/index.php?rest_route=\/wp\/v2\/posts\/13879\/revisions\/29080"}],"wp:attachment":[{"href":"https:\/\/blog.sierranortedeguadalajara.com\/index.php?rest_route=%2Fwp%2Fv2%2Fmedia&parent=13879"}],"wp:term":[{"taxonomy":"category","embeddable":true,"href":"https:\/\/blog.sierranortedeguadalajara.com\/index.php?rest_route=%2Fwp%2Fv2%2Fcategories&post=13879"},{"taxonomy":"post_tag","embeddable":true,"href":"https:\/\/blog.sierranortedeguadalajara.com\/index.php?rest_route=%2Fwp%2Fv2%2Ftags&post=13879"}],"curies":[{"name":"wp","href":"https:\/\/api.w.org\/{rel}","templated":true}]}}