{"id":13809,"date":"2014-03-24T00:05:25","date_gmt":"2014-03-23T23:05:25","guid":{"rendered":"http:\/\/blog.laveredadepuebla.com\/?p=13809"},"modified":"2023-02-10T12:22:34","modified_gmt":"2023-02-10T12:22:34","slug":"panaderias-carnicerias-y-tiendas-en-el-catastro-de-la-ensenada","status":"publish","type":"post","link":"https:\/\/blog.sierranortedeguadalajara.com\/?p=13809","title":{"rendered":"Panader\u00edas, carnicer\u00edas y tiendas en el Catastro de la Ensenada"},"content":{"rendered":"<p><!--[if gte mso 9]&gt;--><\/p>\n<p class=\"MsoNormal\">Aunque lo habitual en <a href=\"http:\/\/www.laveredadepuebla.com\/rutasypueblos.htm\"><b><i>La Ribera<\/i><\/b><\/a> era que cada familia se <a href=\"http:\/\/blog.laveredadepuebla.com\/2009\/07\/16\/los-pueblos-de-la-ribera-puebla-de-valles\/\"><b><i><span style=\"font-size:11pt;\">hiciera su pan<\/span><\/i><\/b><\/a><span style=\"font-size:11pt;\"><a href=\"http:\/\/blog.laveredadepuebla.com\/2009\/07\/16\/los-pueblos-de-la-ribera-puebla-de-valles\/\">,<\/a> en horno propio y\/o alquilado, hab\u00eda <b><i>panader\u00edas<\/i><\/b> en <b><i>Bele\u00f1a <\/i><\/b>y <b><i>La Mierla<\/i><\/b>, propiedad del municipio y que no rentaban nada.<\/span><span style=\"font-size:11pt;\">Algo parecido pasaba con las <b><i>carnicer\u00edas<\/i><\/b> (solo hab\u00eda en <b><i>Puebla de Valles, Tamaj\u00f3n y Valdepe\u00f1as<\/i><\/b>). Eran del pueblo y no proporcionaban renta alguna; el arrendatario apenas sacaba un salario m\u00edsero <i>(2 reales\/dia).<a href=\"http:\/\/laveredadepuebla.files.wordpress.com\/2014\/02\/140317-tiendas.jpg\"><img loading=\"lazy\" decoding=\"async\" class=\"alignright size-medium wp-image-13810\" alt=\"140317 tiendas\" src=\"https:\/\/blog.sierranortedeguadalajara.com\/wp-content\/uploads\/2023\/02\/140317-tiendas.jpg\" width=\"195\" height=\"300\" \/><\/a><\/i><\/span><\/p>\n<p class=\"MsoNormal\"><span style=\"font-size:11pt;\">Aunque\u00a0 tambi\u00e9n hab\u00eda <a href=\"http:\/\/www.oficiostradicionales.net\/es\/\"><b><i>mercer\u00eda y abacer\u00eda<\/i><\/b><\/a> (<\/span><i><span style=\"font-size:11pt;\">tienda de ultramarinos)<\/span><\/i><span style=\"font-size:11pt;\">en Puebla de Valles y en Valdepe\u00f1as, \u00a0no deb\u00edan ser muy rentables <i>(entre 50 y 300 reales)<\/i>\u00a0 ya que en ambos casos el tendero atend\u00eda otros negocios<i> (taberna y carnicer\u00eda en Puebla, el mes\u00f3n en Valdepe\u00f1as). <\/i><\/span><\/p>\n<p class=\"MsoNormal\"><i><\/i><span style=\"font-size:11pt;\">En general el volumen de negocio de las tiendas deb\u00eda ser escaso ya que era habitual que no pagasen renta <i>(solo se abonaban 300 reales\/a\u00f1o en Valdepe\u00f1as) <\/i>y que compartieran local <i>(La Mierla).<\/i>La <b><i>tienda de<\/i><\/b><\/span><b><i><span style=\"font-size:11pt;\"> az\u00facar y pescado <\/span><\/i><\/b><span style=\"font-size:11pt;\">de Tamaj\u00f3n\u00a0 compart\u00eda local con la taberna; entre ambas rentaban\u00a0 1.800 reales.<i><\/i><\/span><\/p>\n<p class=\"MsoNormal\"><span style=\"font-size:11pt;\">\u00a0<\/span><b><i>Lar-ami<\/i><\/b><\/p>\n","protected":false},"excerpt":{"rendered":"<p>Aunque lo habitual en La Ribera era que cada familia se hiciera su pan, en horno propio y\/o alquilado, hab\u00eda panader\u00edas en Bele\u00f1a y La Mierla, propiedad del municipio y que no rentaban nada.Algo parecido pasaba con las carnicer\u00edas (solo hab\u00eda en Puebla de Valles, Tamaj\u00f3n y Valdepe\u00f1as). Eran del pueblo y no proporcionaban renta &hellip; <\/p>\n<p class=\"link-more\"><a href=\"https:\/\/blog.sierranortedeguadalajara.com\/?p=13809\" class=\"more-link\">Seguir leyendo<span class=\"screen-reader-text\"> \u00abPanader\u00edas, carnicer\u00edas y tiendas en el Catastro de la Ensenada\u00bb<\/span><\/a><\/p>\n","protected":false},"author":1,"featured_media":0,"comment_status":"open","ping_status":"open","sticky":false,"template":"","format":"standard","meta":{"footnotes":""},"categories":[6,9],"tags":[47,4,5,33,145,7,8,11,21,212],"class_list":["post-13809","post","type-post","status-publish","format-standard","hentry","category-mundo-rural","category-rincones-de-la-sierra-norte","tag-belena","tag-cultura","tag-historia","tag-la-mierla","tag-la-ribera","tag-naturaleza","tag-puebla-de-valles","tag-siglo-xviii","tag-tamajon","tag-valdepenas","entry"],"_links":{"self":[{"href":"https:\/\/blog.sierranortedeguadalajara.com\/index.php?rest_route=\/wp\/v2\/posts\/13809","targetHints":{"allow":["GET"]}}],"collection":[{"href":"https:\/\/blog.sierranortedeguadalajara.com\/index.php?rest_route=\/wp\/v2\/posts"}],"about":[{"href":"https:\/\/blog.sierranortedeguadalajara.com\/index.php?rest_route=\/wp\/v2\/types\/post"}],"author":[{"embeddable":true,"href":"https:\/\/blog.sierranortedeguadalajara.com\/index.php?rest_route=\/wp\/v2\/users\/1"}],"replies":[{"embeddable":true,"href":"https:\/\/blog.sierranortedeguadalajara.com\/index.php?rest_route=%2Fwp%2Fv2%2Fcomments&post=13809"}],"version-history":[{"count":1,"href":"https:\/\/blog.sierranortedeguadalajara.com\/index.php?rest_route=\/wp\/v2\/posts\/13809\/revisions"}],"predecessor-version":[{"id":29076,"href":"https:\/\/blog.sierranortedeguadalajara.com\/index.php?rest_route=\/wp\/v2\/posts\/13809\/revisions\/29076"}],"wp:attachment":[{"href":"https:\/\/blog.sierranortedeguadalajara.com\/index.php?rest_route=%2Fwp%2Fv2%2Fmedia&parent=13809"}],"wp:term":[{"taxonomy":"category","embeddable":true,"href":"https:\/\/blog.sierranortedeguadalajara.com\/index.php?rest_route=%2Fwp%2Fv2%2Fcategories&post=13809"},{"taxonomy":"post_tag","embeddable":true,"href":"https:\/\/blog.sierranortedeguadalajara.com\/index.php?rest_route=%2Fwp%2Fv2%2Ftags&post=13809"}],"curies":[{"name":"wp","href":"https:\/\/api.w.org\/{rel}","templated":true}]}}