{"id":13767,"date":"2014-03-04T00:05:11","date_gmt":"2014-03-03T23:05:11","guid":{"rendered":"http:\/\/blog.laveredadepuebla.com\/?p=13767"},"modified":"2023-02-10T12:22:46","modified_gmt":"2023-02-10T12:22:46","slug":"curas-clerigos-y-sacristanes-en-siglo-xviii","status":"publish","type":"post","link":"https:\/\/blog.sierranortedeguadalajara.com\/?p=13767","title":{"rendered":"Curas, cl\u00e9rigos y sacristanes en siglo XVIII"},"content":{"rendered":"<p><!--[if gte mso 9]&gt;--><\/p>\n<p class=\"MsoNormal\">El cuidado de las almas en <a href=\"http:\/\/www.laveredadepuebla.com\/rutasypueblos.htm\"><b><i>La Ribera<\/i><\/b><\/a> depend\u00eda del p\u00e1rroco del lugar, si bien <i><span style=\"font-size:11pt;\">Bele\u00f1a<\/span><\/i><span style=\"font-size:11pt;\"> confiesa que no tiene cura\u2026 <i>por ahora.<\/i> Algunos atend\u00edan adem\u00e1s pueblos vecinos: desde <\/span><i><span style=\"font-size:11pt;\">La Mierla<\/span><\/i><span style=\"font-size:11pt;\"> se llevaban <\/span><i><span style=\"font-size:11pt;\">Muriel<b> y <a href=\"http:\/\/blog.laveredadepuebla.com\/2009\/11\/19\/sacedoncillo-pueblo-abandonado\/\">Sacedoncillo<\/a><\/b><\/span><\/i><span style=\"font-size:11pt;\">; desde <\/span><i><span style=\"font-size:11pt;\">Puebla de Valles,<\/span><\/i><span style=\"font-size:11pt;\"> <i>Valdesotos<\/i>. El <a href=\"http:\/\/blog.laveredadepuebla.com\/2013\/06\/28\/el-catastro-del-marques-de-la-ensenada\/\"><b><i>Catastro de la Ensenada<\/i><\/b> <\/a>refleja sus nombres, precedidos del Don.<\/span><\/p>\n<p class=\"MsoNormal\"><span style=\"font-size:11pt;\">Su sueldo era abonado por la iglesia, que recaudaba a trav\u00e9s de\u00a0 impuestos espec\u00edficos, los <a href=\"http:\/\/blog.laveredadepuebla.com\/2013\/07\/22\/de-los-impuestos-de-la-ribera-en-el-siglo-xviii\/\"><b><i>eclesi\u00e1ticos<\/i><\/b><\/a>. En algunos casos el ayuntamiento pagaba al cura por a\u00f1o <i>(en Muriel, 15 reales y 17 <\/i><\/span><a href=\"http:\/\/es.wikipedia.org\/wiki\/Maraved%C3%AD\"><b><i><span style=\"font-size:11pt;\">maraved\u00edes<\/span><\/i><\/b><\/a><i><span style=\"font-size:11pt;\">)<\/span><\/i><span style=\"font-size:11pt;\"> o por servicio <i>(Alpedrete\u00a0 daba 4 fanegas de trigo y 4 de centeno por tocar la campana por niebla y pedrisco)<\/i>.<\/span><\/p>\n<p class=\"MsoNormal\"><span style=\"font-size:11pt;\">El <\/span><a href=\"http:\/\/blog.laveredadepuebla.com\/2010\/02\/19\/censo-del-marques-de-la-ensenada\/\"><b><i><span style=\"font-size:11pt;\">n\u00famero de habitantes<\/span><\/i><\/b><\/a><span style=\"font-size:11pt;\"> justificaba que en <\/span><i><span style=\"font-size:11pt;\">Tamaj\u00f3n<\/span><\/i><span style=\"font-size:11pt;\"> hubiera 2 sacerdotes <a href=\"http:\/\/laveredadepuebla.files.wordpress.com\/2014\/02\/140304-sacristan.jpg\"><img loading=\"lazy\" decoding=\"async\" class=\"alignright size-medium wp-image-13768\" alt=\"140304 sacristan\" src=\"https:\/\/blog.sierranortedeguadalajara.com\/wp-content\/uploads\/2023\/02\/140304-sacristan.jpg\" width=\"211\" height=\"300\" \/><\/a>y en <\/span><i><span style=\"font-size:11pt;\">Valdepe\u00f1as <\/span><\/i><span style=\"font-size:11pt;\">2\u00a0 m\u00e1s un cl\u00e9rigo menor;\u00a0 pero no hay raz\u00f3n aparente para que hubiera 3 en <\/span><i><span style=\"font-size:11pt;\">Puebla de Valles<\/span><\/i><span style=\"font-size:11pt;\">. En <\/span><i><span style=\"font-size:11pt;\">Valdesotos<\/span><\/i><span style=\"font-size:11pt;\"> hab\u00eda sacerdote y cl\u00e9rigo menor <i>(eran \u00a0hermanos) <\/i>y en <\/span><i><span style=\"font-size:11pt;\">Tortuero<\/span><\/i><span style=\"font-size:11pt;\"> solo un cl\u00e9rigo menor.<\/span><\/p>\n<p class=\"MsoNormal\"><span style=\"font-size:11pt;\">Se menciona <\/span><span style=\"font-size:11pt;\">el <a href=\"http:\/\/blog.laveredadepuebla.com\/2010\/09\/21\/el-convento-franciscano-de%C2%A0tamajon\/\"><b><i>convento franciscano<\/i><\/b><\/a> de <i>Tamaj\u00f3n<\/i>, con 12 sacerdotes, 3 legos y 1 donado. Asimismo se indica que hay una casa de los Bernardos de Montesi\u00f3n\u00a0 con un\u00a0 religioso que administra la <a href=\"http:\/\/blog.laveredadepuebla.com\/2012\/08\/23\/la-granja-de-valdepenas-de-la-sierra\/\"><b><i>hacienda de Bonaval <\/i><\/b><\/a>en el lugar.<\/span><\/p>\n<p class=\"MsoNormal\"><span style=\"font-size:11pt;\">El <a href=\"http:\/\/blog.laveredadepuebla.com\/2010\/02\/15\/el-oficio-de-sacristan\/\"><b><i>sacrist\u00e1n<\/i><\/b> <\/a>era una figura imprescindible en los pueblos. Su sueldo oscilaba entre los 365 reales que cobraba en<i> Tortuero<\/i> <i>(a tiempo parcial)<\/i> hasta los 1.500 en <i>Puebla de Valles<\/i> <i>(dedicaci\u00f3n completa).<\/i> En <i>Tamaj\u00f3n<\/i> ejerc\u00eda adem\u00e1s como maestro de primeras letras y de escuela, cobrando de los padres de los ni\u00f1os\u00a0 mil reales a\u00f1o.<\/span><\/p>\n<p class=\"MsoNormal\"><b><i>Lar-ami<\/i><\/b><\/p>\n","protected":false},"excerpt":{"rendered":"<p>El cuidado de las almas en La Ribera depend\u00eda del p\u00e1rroco del lugar, si bien Bele\u00f1a confiesa que no tiene cura\u2026 por ahora. Algunos atend\u00edan adem\u00e1s pueblos vecinos: desde La Mierla se llevaban Muriel y Sacedoncillo; desde Puebla de Valles, Valdesotos. El Catastro de la Ensenada refleja sus nombres, precedidos del Don. Su sueldo era &hellip; <\/p>\n<p class=\"link-more\"><a href=\"https:\/\/blog.sierranortedeguadalajara.com\/?p=13767\" class=\"more-link\">Seguir leyendo<span class=\"screen-reader-text\"> \u00abCuras, cl\u00e9rigos y sacristanes en siglo XVIII\u00bb<\/span><\/a><\/p>\n","protected":false},"author":1,"featured_media":0,"comment_status":"open","ping_status":"open","sticky":false,"template":"","format":"standard","meta":{"footnotes":""},"categories":[6,9],"tags":[45,4,5,33,145,8,21,206,212,27],"class_list":["post-13767","post","type-post","status-publish","format-standard","hentry","category-mundo-rural","category-rincones-de-la-sierra-norte","tag-bonaval","tag-cultura","tag-historia","tag-la-mierla","tag-la-ribera","tag-puebla-de-valles","tag-tamajon","tag-tortuero","tag-valdepenas","tag-valdesotos","entry"],"_links":{"self":[{"href":"https:\/\/blog.sierranortedeguadalajara.com\/index.php?rest_route=\/wp\/v2\/posts\/13767","targetHints":{"allow":["GET"]}}],"collection":[{"href":"https:\/\/blog.sierranortedeguadalajara.com\/index.php?rest_route=\/wp\/v2\/posts"}],"about":[{"href":"https:\/\/blog.sierranortedeguadalajara.com\/index.php?rest_route=\/wp\/v2\/types\/post"}],"author":[{"embeddable":true,"href":"https:\/\/blog.sierranortedeguadalajara.com\/index.php?rest_route=\/wp\/v2\/users\/1"}],"replies":[{"embeddable":true,"href":"https:\/\/blog.sierranortedeguadalajara.com\/index.php?rest_route=%2Fwp%2Fv2%2Fcomments&post=13767"}],"version-history":[{"count":1,"href":"https:\/\/blog.sierranortedeguadalajara.com\/index.php?rest_route=\/wp\/v2\/posts\/13767\/revisions"}],"predecessor-version":[{"id":29125,"href":"https:\/\/blog.sierranortedeguadalajara.com\/index.php?rest_route=\/wp\/v2\/posts\/13767\/revisions\/29125"}],"wp:attachment":[{"href":"https:\/\/blog.sierranortedeguadalajara.com\/index.php?rest_route=%2Fwp%2Fv2%2Fmedia&parent=13767"}],"wp:term":[{"taxonomy":"category","embeddable":true,"href":"https:\/\/blog.sierranortedeguadalajara.com\/index.php?rest_route=%2Fwp%2Fv2%2Fcategories&post=13767"},{"taxonomy":"post_tag","embeddable":true,"href":"https:\/\/blog.sierranortedeguadalajara.com\/index.php?rest_route=%2Fwp%2Fv2%2Ftags&post=13767"}],"curies":[{"name":"wp","href":"https:\/\/api.w.org\/{rel}","templated":true}]}}