{"id":13512,"date":"2014-01-14T00:05:43","date_gmt":"2014-01-13T23:05:43","guid":{"rendered":"http:\/\/blog.laveredadepuebla.com\/?p=13512"},"modified":"2023-02-10T12:23:06","modified_gmt":"2023-02-10T12:23:06","slug":"mision-pedagogica-a-la-mierla","status":"publish","type":"post","link":"https:\/\/blog.sierranortedeguadalajara.com\/?p=13512","title":{"rendered":"Mision pedag\u00f3gica a La Mierla"},"content":{"rendered":"<p><!--[if gte mso 9]&gt;--><\/p>\n<p class=\"MsoNormal\"><span style=\"font-size:11pt;\">El d\u00eda 22 de febrero 1.932, un grupo de misioneros de los que <a href=\"http:\/\/blog.laveredadepuebla.com\/2014\/01\/06\/mision-pedagogica-a-valdepenas\/\"><strong><em>estuvieron en Valdepe\u00f1as<\/em><\/strong><\/a> (el otro se qued\u00f3 en <a href=\"www.laveredadepuebla.com\/rutasypueblos\/pueblabe.pdf\"><b><i>Puebla de Bele\u00f1a<\/i><\/b><\/a>), se dirigi\u00f3 a <a href=\"www.laveredadepuebla.com\/rutasypueblos\/lamierla.pdf\"><b><i>La Mierla, <\/i><\/b><\/a>distante pocos kms. As\u00ed se refleja en el <a href=\"http:\/\/blog.laveredadepuebla.com\/2014\/01\/02\/de-las-misiones-pedagogicas\/\"><strong><em>Acta de la Misi\u00f3n<\/em><\/strong><\/a>, recogida por\u00a0 Francisco Alfredo P\u00e9rez en su art\u00edculo de <b><a href=\"http:\/\/www.uclm.es\/ceclm\/b_virtual\/revistas\/wad_al_hayara\/index.htm\">Wad-al-Hayara<\/a>:<a href=\"http:\/\/laveredadepuebla.files.wordpress.com\/2014\/01\/140114-mision-mierla.jpg\"><img loading=\"lazy\" decoding=\"async\" class=\"alignright size-medium wp-image-13514\" alt=\"140114 mision Mierla\" src=\"https:\/\/blog.sierranortedeguadalajara.com\/wp-content\/uploads\/2023\/02\/140114-mision-mierla.jpg\" width=\"300\" height=\"223\" \/><\/a><\/b><\/span><\/p>\n<p class=\"MsoNormal\"><b><\/b><i><span style=\"font-size:11pt;\">\u201cPueblecito m\u00e1s peque\u00f1o y apartado, pero m\u00e1s acogedor tambi\u00e9n, sin esclavitud de prejuicios pol\u00edticos. Tiene una <a href=\"www.laveredadepuebla.com\/rutasypueblos\/visitalamierla.pdf\"><b>linda escuela<\/b><\/a> de nueva planta, de donaci\u00f3n particular, bien dotada, alegre y limpia; una maestra trabajadora y un Consejo local sinceramente interesado en los problemas culturales.<\/span><\/i><\/p>\n<p class=\"MsoNormal\"><i><span style=\"font-size:11pt;\">Las sesiones se realizaron en la escuela, presenci\u00e1ndola la totalidad del pueblo con un recogimiento respetuoso y agradecido. En una m\u00e1s larga permanencia, seguramente, esta actitud de respeto cohibido se hubiera encauzado hacia una relaci\u00f3n m\u00e1s libre y familiar, m\u00e1s espont\u00e1nea, la que estos pueblos necesitan para mostrar sus reacciones intimas.\u201d <a href=\"http:\/\/laveredadepuebla.files.wordpress.com\/2014\/01\/140114-mision-mierla-2.jpg\"><img loading=\"lazy\" decoding=\"async\" class=\"alignleft size-medium wp-image-13515\" alt=\"140114 mision Mierla 2\" src=\"https:\/\/blog.sierranortedeguadalajara.com\/wp-content\/uploads\/2023\/02\/140114-mision-mierla-2.jpg\" width=\"300\" height=\"161\" \/><\/a><\/span><\/i><\/p>\n<p class=\"MsoNormal\"><b><i><\/i><\/b><span style=\"font-size:11pt;\">Se realizaron <a href=\"http:\/\/blog.laveredadepuebla.com\/2010\/11\/14\/de%C2%A0cine\/\"><b><i>7 proyecciones<\/i><\/b><\/a> en dos sesiones, separadas por una hora para la cena. Al final se les entreg\u00f3 una peque\u00f1a biblioteca infantil que acogieron con muestras de gratitud. A altas horas de la noche, reunido este grupo con el de Puebla de Bele\u00f1a, emprendi\u00f3 la marcha hacia<a href=\"www.laveredadepuebla.com\/rutasypueblos\/tamajon.pdf\"><b><i> Tamaj\u00f3n<\/i><\/b><\/a>. <\/span><\/p>\n<p class=\"MsoNormal\"><i><\/i><b><i>Lar-ami<\/i><\/b><\/p>\n","protected":false},"excerpt":{"rendered":"<p>El d\u00eda 22 de febrero 1.932, un grupo de misioneros de los que estuvieron en Valdepe\u00f1as (el otro se qued\u00f3 en Puebla de Bele\u00f1a), se dirigi\u00f3 a La Mierla, distante pocos kms. As\u00ed se refleja en el Acta de la Misi\u00f3n, recogida por\u00a0 Francisco Alfredo P\u00e9rez en su art\u00edculo de Wad-al-Hayara: \u201cPueblecito m\u00e1s peque\u00f1o y &hellip; <\/p>\n<p class=\"link-more\"><a href=\"https:\/\/blog.sierranortedeguadalajara.com\/?p=13512\" class=\"more-link\">Seguir leyendo<span class=\"screen-reader-text\"> \u00abMision pedag\u00f3gica a La Mierla\u00bb<\/span><\/a><\/p>\n","protected":false},"author":1,"featured_media":0,"comment_status":"open","ping_status":"open","sticky":false,"template":"","format":"standard","meta":{"footnotes":""},"categories":[9],"tags":[2,4,5,33,180,19,21,212],"class_list":["post-13512","post","type-post","status-publish","format-standard","hentry","category-rincones-de-la-sierra-norte","tag-actualidad","tag-cultura","tag-historia","tag-la-mierla","tag-puebla-belena","tag-siglo-xx","tag-tamajon","tag-valdepenas","entry"],"_links":{"self":[{"href":"https:\/\/blog.sierranortedeguadalajara.com\/index.php?rest_route=\/wp\/v2\/posts\/13512","targetHints":{"allow":["GET"]}}],"collection":[{"href":"https:\/\/blog.sierranortedeguadalajara.com\/index.php?rest_route=\/wp\/v2\/posts"}],"about":[{"href":"https:\/\/blog.sierranortedeguadalajara.com\/index.php?rest_route=\/wp\/v2\/types\/post"}],"author":[{"embeddable":true,"href":"https:\/\/blog.sierranortedeguadalajara.com\/index.php?rest_route=\/wp\/v2\/users\/1"}],"replies":[{"embeddable":true,"href":"https:\/\/blog.sierranortedeguadalajara.com\/index.php?rest_route=%2Fwp%2Fv2%2Fcomments&post=13512"}],"version-history":[{"count":1,"href":"https:\/\/blog.sierranortedeguadalajara.com\/index.php?rest_route=\/wp\/v2\/posts\/13512\/revisions"}],"predecessor-version":[{"id":29220,"href":"https:\/\/blog.sierranortedeguadalajara.com\/index.php?rest_route=\/wp\/v2\/posts\/13512\/revisions\/29220"}],"wp:attachment":[{"href":"https:\/\/blog.sierranortedeguadalajara.com\/index.php?rest_route=%2Fwp%2Fv2%2Fmedia&parent=13512"}],"wp:term":[{"taxonomy":"category","embeddable":true,"href":"https:\/\/blog.sierranortedeguadalajara.com\/index.php?rest_route=%2Fwp%2Fv2%2Fcategories&post=13512"},{"taxonomy":"post_tag","embeddable":true,"href":"https:\/\/blog.sierranortedeguadalajara.com\/index.php?rest_route=%2Fwp%2Fv2%2Ftags&post=13512"}],"curies":[{"name":"wp","href":"https:\/\/api.w.org\/{rel}","templated":true}]}}