{"id":13501,"date":"2014-01-10T00:05:36","date_gmt":"2014-01-09T23:05:36","guid":{"rendered":"http:\/\/blog.laveredadepuebla.com\/?p=13501"},"modified":"2023-02-10T12:23:07","modified_gmt":"2023-02-10T12:23:07","slug":"mision-pedagogica-a-puebla-de-belena","status":"publish","type":"post","link":"https:\/\/blog.sierranortedeguadalajara.com\/?p=13501","title":{"rendered":"Mision pedag\u00f3gica a Puebla de Bele\u00f1a"},"content":{"rendered":"<p><!--[if gte mso 9]&gt;--><\/p>\n<p><!--[if gte mso 9]&gt;--><\/p>\n<p><span style=\"font-size:11pt;\">Tras <a href=\"http:\/\/blog.laveredadepuebla.com\/2014\/01\/06\/mision-pedagogica-a-valdepenas\/\"><b><i>abandonar Valdepe\u00f1as<\/i><\/b><\/a>, el d\u00eda 22 de febrero <a href=\"http:\/\/blog.laveredadepuebla.com\/2014\/01\/02\/de-las-misiones-pedagogicas\/\"><b><i>los misioneros<\/i><\/b><\/a> se dividieron en dos grupos, seg\u00fan explica Francisco Alfredo P\u00e9rez en <a href=\"http:\/\/www.uclm.es\/ceclm\/b_virtual\/revistas\/wad_al_hayara\/index.htm\"><b>Wad-al-Hayara<\/b><\/a>. Uno se qued\u00f3 en <a href=\"www.laveredadepuebla.com\/rutasypueblos\/pueblabe.pdf\"><b><i>Puebla de Bele\u00f1a<\/i><\/b><\/a>\u00a0 y el otro fue a <a href=\"www.laveredadepuebla.com\/rutasypueblos\/lamierla.pdf\"><b><i>La Mierla<\/i><\/b><\/a>. <\/span><span style=\"font-size:11pt;\">En <a href=\"www.laveredadepuebla.com\/rutasypueblos\/visitapueblabe.pdf\"><b><i>Puebla de Bele\u00f1a<\/i><\/b><\/a> se realizaron 2 sesiones, con una hora en medio para la cena, y se <a href=\"http:\/\/blog.laveredadepuebla.com\/2010\/11\/14\/de%C2%A0cine\/\"><b><i>proyectaron 5 documentales<\/i><\/b><\/a>. El acta refleja que la acogida no fue buena, si bien los monitores tratan de justificarlo: <\/span><\/p>\n<p class=\"MsoNormal\"><i><span style=\"font-size:11pt;\"><a href=\"http:\/\/laveredadepuebla.files.wordpress.com\/2014\/01\/140110-mision-puebla.jpg\"><img loading=\"lazy\" decoding=\"async\" class=\"alignright  wp-image-13502\" alt=\"140110 mision Puebla\" src=\"https:\/\/blog.sierranortedeguadalajara.com\/wp-content\/uploads\/2023\/02\/140110-mision-puebla.jpg\" width=\"350\" height=\"263\" \/><\/a>\u201cEs un pueblecito que por su posici\u00f3n y ser lugar de veraneo, tiene relaciones directas con Guadalajara y Madrid, con una peque\u00f1a escuela de ambiente desolador. No ten\u00edan la m\u00e1s remota idea de las misiones y la acogieron con recelo cazurro, cohibido y malicioso a la vez. Sospecharon quiz\u00e1s de una propaganda pol\u00edtica y se dispon\u00edan a valorar su voto.<\/span><\/i><\/p>\n<p class=\"MsoNormal\"><i><span style=\"font-size:11pt;\">Las sesiones se realizaron en el \u00fanico local disponible, sala municipal y baile p\u00fablico presidido por un organillo de manubrio; sucio,\u00a0 chorreando humedad y con un ambiente social de zurdas prevenciones, quiz\u00e1s por la desvinculaci\u00f3n de la escuela de la vida p\u00fablica. <\/span><\/i><i><\/i><i><span style=\"font-size:11pt;\">Se hizo lo m\u00e1s que pudo hacerse\u2026dejarles,\u00a0 acaso por una sola vez, la sensaci\u00f3n de una empresa de cultura y justicia social, noblemente desinteresada. \u00a1Habremos de volver a esta Puebla!\u201d<\/span><\/i><\/p>\n<p class=\"MsoNormal\"><i><span style=\"font-size:11pt;\">\u00a0<\/span><\/i><i><\/i><b><i>Lar-ami<\/i><\/b><\/p>\n","protected":false},"excerpt":{"rendered":"<p>Tras abandonar Valdepe\u00f1as, el d\u00eda 22 de febrero los misioneros se dividieron en dos grupos, seg\u00fan explica Francisco Alfredo P\u00e9rez en Wad-al-Hayara. Uno se qued\u00f3 en Puebla de Bele\u00f1a\u00a0 y el otro fue a La Mierla. En Puebla de Bele\u00f1a se realizaron 2 sesiones, con una hora en medio para la cena, y se proyectaron &hellip; <\/p>\n<p class=\"link-more\"><a href=\"https:\/\/blog.sierranortedeguadalajara.com\/?p=13501\" class=\"more-link\">Seguir leyendo<span class=\"screen-reader-text\"> \u00abMision pedag\u00f3gica a Puebla de Bele\u00f1a\u00bb<\/span><\/a><\/p>\n","protected":false},"author":1,"featured_media":0,"comment_status":"open","ping_status":"open","sticky":false,"template":"","format":"standard","meta":{"footnotes":""},"categories":[6,9],"tags":[2,4,5,33,180,19,212],"class_list":["post-13501","post","type-post","status-publish","format-standard","hentry","category-mundo-rural","category-rincones-de-la-sierra-norte","tag-actualidad","tag-cultura","tag-historia","tag-la-mierla","tag-puebla-belena","tag-siglo-xx","tag-valdepenas","entry"],"_links":{"self":[{"href":"https:\/\/blog.sierranortedeguadalajara.com\/index.php?rest_route=\/wp\/v2\/posts\/13501","targetHints":{"allow":["GET"]}}],"collection":[{"href":"https:\/\/blog.sierranortedeguadalajara.com\/index.php?rest_route=\/wp\/v2\/posts"}],"about":[{"href":"https:\/\/blog.sierranortedeguadalajara.com\/index.php?rest_route=\/wp\/v2\/types\/post"}],"author":[{"embeddable":true,"href":"https:\/\/blog.sierranortedeguadalajara.com\/index.php?rest_route=\/wp\/v2\/users\/1"}],"replies":[{"embeddable":true,"href":"https:\/\/blog.sierranortedeguadalajara.com\/index.php?rest_route=%2Fwp%2Fv2%2Fcomments&post=13501"}],"version-history":[{"count":1,"href":"https:\/\/blog.sierranortedeguadalajara.com\/index.php?rest_route=\/wp\/v2\/posts\/13501\/revisions"}],"predecessor-version":[{"id":29225,"href":"https:\/\/blog.sierranortedeguadalajara.com\/index.php?rest_route=\/wp\/v2\/posts\/13501\/revisions\/29225"}],"wp:attachment":[{"href":"https:\/\/blog.sierranortedeguadalajara.com\/index.php?rest_route=%2Fwp%2Fv2%2Fmedia&parent=13501"}],"wp:term":[{"taxonomy":"category","embeddable":true,"href":"https:\/\/blog.sierranortedeguadalajara.com\/index.php?rest_route=%2Fwp%2Fv2%2Fcategories&post=13501"},{"taxonomy":"post_tag","embeddable":true,"href":"https:\/\/blog.sierranortedeguadalajara.com\/index.php?rest_route=%2Fwp%2Fv2%2Ftags&post=13501"}],"curies":[{"name":"wp","href":"https:\/\/api.w.org\/{rel}","templated":true}]}}