{"id":13482,"date":"2014-01-07T00:05:20","date_gmt":"2014-01-06T23:05:20","guid":{"rendered":"http:\/\/blog.laveredadepuebla.com\/?p=13482"},"modified":"2023-02-10T12:23:09","modified_gmt":"2023-02-10T12:23:09","slug":"valle-del-jarama-en-retiendas","status":"publish","type":"post","link":"https:\/\/blog.sierranortedeguadalajara.com\/?p=13482","title":{"rendered":"Valle del Jarama en Retiendas"},"content":{"rendered":"<p><!--[if gte mso 9]&gt;--><\/p>\n<p class=\"MsoNormal\"><span style=\"font-size:11pt;\">La zona queda articulada por los sistemas del <a href=\"http:\/\/laveredadepuebla.wordpress.com\/2009\/08\/27\/rio-jarama\/\"><b><i>Jarama<\/i><\/b> <\/a>y del arroyo Valdeabadia, con un paisaje que ha sido transformado en su totalidad por la mano del hombre.\u00a0 Est\u00e1 delimitada por el cauce del r\u00edo y por lomas no muy altas que configuran un paisaje muy abierto; desde cualquier sitio se ve la Sierra y el <b><i><a href=\"http:\/\/es.wikipedia.org\/wiki\/Pico_Ocej%C3%B3n\">Ocej\u00f3n<\/a>. <a href=\"http:\/\/laveredadepuebla.files.wordpress.com\/2014\/01\/140107-valle-jarama-1.jpg\"><img loading=\"lazy\" decoding=\"async\" class=\"alignright  wp-image-13484\" alt=\"140107 valle jarama 1\" src=\"https:\/\/blog.sierranortedeguadalajara.com\/wp-content\/uploads\/2023\/02\/140107-valle-jarama-1.jpg\" width=\"270\" height=\"209\" \/><\/a><\/i><\/b> <\/span><\/p>\n<p class=\"MsoNormal\"><span style=\"font-size:11pt;\">\u00a0<\/span><span style=\"font-size:11pt;\">El valle queda cerrado, por el norte por el <b><i><a href=\"http:\/\/laveredadepuebla.wordpress.com\/2009\/08\/22\/la-presa-del-vado\/\">pantano del Vado<\/a>,<\/i><\/b> y por el sur el cauce del Jarama en un estrecho y escarpado meandro conocido como el <i>Pozo de la Cesta<\/i> <i>(<a href=\"http:\/\/blog.laveredadepuebla.com\/2012\/12\/18\/el-marchuelo\/\"><b>el Marchuelo<\/b><\/a> es el cerro que lo preside). <\/i>El r\u00edo transcurre encajado entre pizarras, donde ha excavado una <a href=\"http:\/\/blog.laveredadepuebla.com\/2010\/11\/09\/el-curso-alto-del%C2%A0jarama\/\"><b><i>espectacular trinchera<\/i><\/b><\/a>. Por ello predominan vistas panor\u00e1micas, con presencia constante de la presa y del Ocej\u00f3n. <\/span><\/p>\n<p class=\"MsoNormal\"><span style=\"font-size:11pt;\"><a href=\"http:\/\/laveredadepuebla.files.wordpress.com\/2014\/01\/140107-valle-jarama-2.jpg\"><img loading=\"lazy\" decoding=\"async\" class=\"alignleft  wp-image-13483\" alt=\"140107  valle jarama 2\" src=\"https:\/\/blog.sierranortedeguadalajara.com\/wp-content\/uploads\/2023\/02\/140107-valle-jarama-2.jpg\" width=\"270\" height=\"199\" \/><\/a><\/span><span style=\"font-size:11pt;\">Tal y como explic<a href=\"http:\/\/blog.laveredadepuebla.com\/2013\/10\/24\/el-monasterio-de-bonaval-los-reune-de-nuevo\/\">a <b><i>Jos\u00e9 Mar\u00eda Mel\u00e9ndez <\/i><\/b><\/a>\u00a0en <b><i><a href=\"http:\/\/blog.laveredadepuebla.com\/2013\/12\/18\/paisajes-de-retiendas\/\">\u201cPaisajes de Retiendas\u201d<\/a>, <\/i><\/b>\u00a0el paisaje queda as\u00ed estructurado: en el fondo del valle tierra de secano para cereal. En las laderas, <a href=\"http:\/\/blog.laveredadepuebla.com\/2009\/11\/05\/pinos-y-pinares\/\"><b><i>pinos de repoblaci\u00f3n<\/i><\/b><\/a>, <a href=\"http:\/\/blog.laveredadepuebla.com\/2012\/01\/10\/jaras-pringosas\/\">jarales<\/a> que ocupan tierras abandonadas, pastizales sobre pizarras y\u00a0 los cauces que act\u00faan de corredores para la fauna.<\/span><\/p>\n<p class=\"MsoNormal\"><span style=\"font-size:11pt;\">Los contrastes de color vienen definidos por la vegetaci\u00f3n, siendo espectaculares entre zonas cultivadas y las manchas verdes, muy acusadas en invierno. Lo m\u00e1s sobresaliente es el cauce del Jarama, por la trinchera y por la arboleda de sus orillas, espectacular en d\u00edas de lluvia. <\/span><\/p>\n<p class=\"MsoNormal\"><span style=\"font-size:11pt;\">\u00a0<\/span><b><i><\/i><\/b><b><i>Lar-ami<\/i><\/b><\/p>\n","protected":false},"excerpt":{"rendered":"<p>La zona queda articulada por los sistemas del Jarama y del arroyo Valdeabadia, con un paisaje que ha sido transformado en su totalidad por la mano del hombre.\u00a0 Est\u00e1 delimitada por el cauce del r\u00edo y por lomas no muy altas que configuran un paisaje muy abierto; desde cualquier sitio se ve la Sierra y &hellip; <\/p>\n<p class=\"link-more\"><a href=\"https:\/\/blog.sierranortedeguadalajara.com\/?p=13482\" class=\"more-link\">Seguir leyendo<span class=\"screen-reader-text\"> \u00abValle del Jarama en Retiendas\u00bb<\/span><\/a><\/p>\n","protected":false},"author":1,"featured_media":0,"comment_status":"open","ping_status":"open","sticky":false,"template":"","format":"standard","meta":{"footnotes":""},"categories":[12],"tags":[2,35,7,38,34,211],"class_list":["post-13482","post","type-post","status-publish","format-standard","hentry","category-actualidad","tag-actualidad","tag-jarama","tag-naturaleza","tag-ocejon","tag-retiendas","tag-vado","entry"],"_links":{"self":[{"href":"https:\/\/blog.sierranortedeguadalajara.com\/index.php?rest_route=\/wp\/v2\/posts\/13482","targetHints":{"allow":["GET"]}}],"collection":[{"href":"https:\/\/blog.sierranortedeguadalajara.com\/index.php?rest_route=\/wp\/v2\/posts"}],"about":[{"href":"https:\/\/blog.sierranortedeguadalajara.com\/index.php?rest_route=\/wp\/v2\/types\/post"}],"author":[{"embeddable":true,"href":"https:\/\/blog.sierranortedeguadalajara.com\/index.php?rest_route=\/wp\/v2\/users\/1"}],"replies":[{"embeddable":true,"href":"https:\/\/blog.sierranortedeguadalajara.com\/index.php?rest_route=%2Fwp%2Fv2%2Fcomments&post=13482"}],"version-history":[{"count":1,"href":"https:\/\/blog.sierranortedeguadalajara.com\/index.php?rest_route=\/wp\/v2\/posts\/13482\/revisions"}],"predecessor-version":[{"id":29233,"href":"https:\/\/blog.sierranortedeguadalajara.com\/index.php?rest_route=\/wp\/v2\/posts\/13482\/revisions\/29233"}],"wp:attachment":[{"href":"https:\/\/blog.sierranortedeguadalajara.com\/index.php?rest_route=%2Fwp%2Fv2%2Fmedia&parent=13482"}],"wp:term":[{"taxonomy":"category","embeddable":true,"href":"https:\/\/blog.sierranortedeguadalajara.com\/index.php?rest_route=%2Fwp%2Fv2%2Fcategories&post=13482"},{"taxonomy":"post_tag","embeddable":true,"href":"https:\/\/blog.sierranortedeguadalajara.com\/index.php?rest_route=%2Fwp%2Fv2%2Ftags&post=13482"}],"curies":[{"name":"wp","href":"https:\/\/api.w.org\/{rel}","templated":true}]}}